{"id":338638,"date":"2024-09-22T14:50:30","date_gmt":"2024-09-22T11:50:30","guid":{"rendered":"https:\/\/sana.sy\/es\/?p=338638"},"modified":"2024-09-22T14:50:30","modified_gmt":"2024-09-22T11:50:30","slug":"presidente-sirio-emite-un-decreto-de-amnistia-general","status":"publish","type":"post","link":"https:\/\/archive.sana.sy\/es\/?p=338638","title":{"rendered":"Presidente sirio emite un decreto de amnist\u00eda general"},"content":{"rendered":"<p style=\"text-align: justify;\"><span style=\"color: #800000;\"><strong>Damasco, 22 sep (SANA)<\/strong> <\/span>El presidente Bashar Al-Assad, promulg\u00f3 hoy el decreto legislativo No. (27) del a\u00f1o 2024, que concede una amnist\u00eda general para los autores de los delitos y violaciones cometidas antes del 22 de septiembre de 2024.<\/p>\n<p style=\"text-align: justify;\">El decreto prev\u00e9 una amnist\u00eda para los militares desertores si se encuentran dentro o fuera de Siria, y tambi\u00e9n de los delitos de fuga previstos en el C\u00f3digo Penal Militar.<\/p>\n<p style=\"text-align: justify;\">El decreto da un plazo de tres a cuatro meses para que los desertores se entreguen si quieren beneficiarse del indulto.<\/p>\n<p style=\"text-align: justify;\">Asimismo ofrece amnist\u00eda a todas las penas excepto algunas que constituyen un ataque grave a la sociedad y el Estado, el soborno, algunos delitos de falsificaci\u00f3n, la violaci\u00f3n de la moral p\u00fablica y algunos tipos de robo.<\/p>\n<p style=\"text-align: justify;\">La amnist\u00eda excluy\u00f3 algunos delitos menores estipulados en la ley de control de edificios, delitos econ\u00f3micos, robo de electricidad, uso de medios fraudulentos para obtener servicios de comunicaci\u00f3n, delitos menores de la Ley de Protecci\u00f3n al Consumidor, delitos menores relacionados con la organizaci\u00f3n de ex\u00e1menes p\u00fablicos, asalto a bosques y delitos menores relacionados con el cambio de divisas.<\/p>\n<p style=\"text-align: justify;\">fm\/as<\/p>\n","protected":false},"excerpt":{"rendered":"<p>Damasco, 22 sep (SANA) El presidente Bashar Al-Assad, promulg\u00f3 hoy el decreto legislativo No. (27) del a\u00f1o 2024, que concede una amnist\u00eda general para los autores de los delitos y violaciones cometidas antes del 22 de septiembre de 2024. El decreto prev\u00e9 una amnist\u00eda para los militares desertores si se encuentran dentro o fuera de &hellip;<\/p>\n","protected":false},"author":42,"featured_media":338639,"comment_status":"closed","ping_status":"closed","sticky":false,"template":"","format":"standard","meta":{"footnotes":""},"categories":[597,20724,16237,583],"tags":[],"class_list":["post-338638","post","type-post","status-publish","format-standard","has-post-thumbnail","","category-cinta-de-noticias","category-minuto-a-minuto","category-presidence-de-la-republique-arabe-syria","category-slide"],"_links":{"self":[{"href":"https:\/\/archive.sana.sy\/es\/index.php?rest_route=\/wp\/v2\/posts\/338638"}],"collection":[{"href":"https:\/\/archive.sana.sy\/es\/index.php?rest_route=\/wp\/v2\/posts"}],"about":[{"href":"https:\/\/archive.sana.sy\/es\/index.php?rest_route=\/wp\/v2\/types\/post"}],"author":[{"embeddable":true,"href":"https:\/\/archive.sana.sy\/es\/index.php?rest_route=\/wp\/v2\/users\/42"}],"replies":[{"embeddable":true,"href":"https:\/\/archive.sana.sy\/es\/index.php?rest_route=%2Fwp%2Fv2%2Fcomments&post=338638"}],"version-history":[{"count":1,"href":"https:\/\/archive.sana.sy\/es\/index.php?rest_route=\/wp\/v2\/posts\/338638\/revisions"}],"predecessor-version":[{"id":338640,"href":"https:\/\/archive.sana.sy\/es\/index.php?rest_route=\/wp\/v2\/posts\/338638\/revisions\/338640"}],"wp:featuredmedia":[{"embeddable":true,"href":"https:\/\/archive.sana.sy\/es\/index.php?rest_route=\/wp\/v2\/media\/338639"}],"wp:attachment":[{"href":"https:\/\/archive.sana.sy\/es\/index.php?rest_route=%2Fwp%2Fv2%2Fmedia&parent=338638"}],"wp:term":[{"taxonomy":"category","embeddable":true,"href":"https:\/\/archive.sana.sy\/es\/index.php?rest_route=%2Fwp%2Fv2%2Fcategories&post=338638"},{"taxonomy":"post_tag","embeddable":true,"href":"https:\/\/archive.sana.sy\/es\/index.php?rest_route=%2Fwp%2Fv2%2Ftags&post=338638"}],"curies":[{"name":"wp","href":"https:\/\/api.w.org\/{rel}","templated":true}]}}