{"id":338685,"date":"2024-09-23T10:26:42","date_gmt":"2024-09-23T07:26:42","guid":{"rendered":"https:\/\/sana.sy\/es\/?p=338685"},"modified":"2024-09-23T10:26:42","modified_gmt":"2024-09-23T07:26:42","slug":"iran-detiene-a-12-sujetos-vinculados-a-israel-en-seis-provincias","status":"publish","type":"post","link":"https:\/\/archive.sana.sy\/es\/?p=338685","title":{"rendered":"Ir\u00e1n detiene a 12 sujetos vinculados a &#8220;Israel&#8221; en seis provincias"},"content":{"rendered":"<p style=\"text-align: justify;\"><span style=\"color: #800000;\"><strong>Teher\u00e1n, 23 sep (SANA)<\/strong> <\/span>El Cuerpo de Guardianes de la Revoluci\u00f3n de Ir\u00e1n inform\u00f3 del arresto de 12 sujetos que operaban para el r\u00e9gimen de Israel.<\/p>\n<p style=\"text-align: justify;\">Tras la decisiva acci\u00f3n de sus fuerzas de inteligencia, fue atacada y desarticulada una red formada por 12 elementos mercenarios y colaboradores del r\u00e9gimen sionista en seis provincias del pa\u00eds, que ten\u00edan la intenci\u00f3n de llevar a cabo medidas contra la seguridad de nuestro amado pueblo, difundi\u00f3 el canal Hispan TV.<\/p>\n<p style=\"text-align: justify;\">En los \u00faltimos a\u00f1os, las Fuerzas de Seguridad de Ir\u00e1n han desmantelado numerosas c\u00e9lulas armadas, vinculadas a las organizaciones terroristas, apoyadas por servicios de espionaje extranjeros, incluido de Israel, en distintos puntos del pa\u00eds antes de que puedan realizar cualquier atentado u actos de sabotaje.<\/p>\n<p style=\"text-align: justify;\">fm\/ed<\/p>\n","protected":false},"excerpt":{"rendered":"<p>Teher\u00e1n, 23 sep (SANA) El Cuerpo de Guardianes de la Revoluci\u00f3n de Ir\u00e1n inform\u00f3 del arresto de 12 sujetos que operaban para el r\u00e9gimen de Israel. Tras la decisiva acci\u00f3n de sus fuerzas de inteligencia, fue atacada y desarticulada una red formada por 12 elementos mercenarios y colaboradores del r\u00e9gimen sionista en seis provincias del &hellip;<\/p>\n","protected":false},"author":32,"featured_media":338686,"comment_status":"closed","ping_status":"closed","sticky":false,"template":"","format":"standard","meta":{"footnotes":""},"categories":[597,456,20724,7541],"tags":[],"class_list":["post-338685","post","type-post","status-publish","format-standard","has-post-thumbnail","","category-cinta-de-noticias","category-arabe-internacional-politica","category-minuto-a-minuto","category-ultimas-noticias"],"_links":{"self":[{"href":"https:\/\/archive.sana.sy\/es\/index.php?rest_route=\/wp\/v2\/posts\/338685"}],"collection":[{"href":"https:\/\/archive.sana.sy\/es\/index.php?rest_route=\/wp\/v2\/posts"}],"about":[{"href":"https:\/\/archive.sana.sy\/es\/index.php?rest_route=\/wp\/v2\/types\/post"}],"author":[{"embeddable":true,"href":"https:\/\/archive.sana.sy\/es\/index.php?rest_route=\/wp\/v2\/users\/32"}],"replies":[{"embeddable":true,"href":"https:\/\/archive.sana.sy\/es\/index.php?rest_route=%2Fwp%2Fv2%2Fcomments&post=338685"}],"version-history":[{"count":1,"href":"https:\/\/archive.sana.sy\/es\/index.php?rest_route=\/wp\/v2\/posts\/338685\/revisions"}],"predecessor-version":[{"id":338687,"href":"https:\/\/archive.sana.sy\/es\/index.php?rest_route=\/wp\/v2\/posts\/338685\/revisions\/338687"}],"wp:featuredmedia":[{"embeddable":true,"href":"https:\/\/archive.sana.sy\/es\/index.php?rest_route=\/wp\/v2\/media\/338686"}],"wp:attachment":[{"href":"https:\/\/archive.sana.sy\/es\/index.php?rest_route=%2Fwp%2Fv2%2Fmedia&parent=338685"}],"wp:term":[{"taxonomy":"category","embeddable":true,"href":"https:\/\/archive.sana.sy\/es\/index.php?rest_route=%2Fwp%2Fv2%2Fcategories&post=338685"},{"taxonomy":"post_tag","embeddable":true,"href":"https:\/\/archive.sana.sy\/es\/index.php?rest_route=%2Fwp%2Fv2%2Ftags&post=338685"}],"curies":[{"name":"wp","href":"https:\/\/api.w.org\/{rel}","templated":true}]}}