{"id":338744,"date":"2024-09-23T17:15:06","date_gmt":"2024-09-23T14:15:06","guid":{"rendered":"https:\/\/sana.sy\/es\/?p=338744"},"modified":"2024-09-23T17:19:57","modified_gmt":"2024-09-23T14:19:57","slug":"siria-solidaria-con-iran-por-victimas-de-explosion-en-una-mina-2","status":"publish","type":"post","link":"https:\/\/archive.sana.sy\/es\/?p=338744","title":{"rendered":"Siria solidaria con Ir\u00e1n por v\u00edctimas de explosi\u00f3n en una mina"},"content":{"rendered":"<p style=\"text-align: justify;\"><span style=\"color: #800000;\"><strong>Damasco, 23 sep (SANA)\u00a0 \u00a0<\/strong><\/span>El Gobierno sirio expres\u00f3 hoy su solidaridad con el liderazgo y pueblo de la Rep\u00fablica Isl\u00e1mica de Ir\u00e1n tras la explosi\u00f3n ocurrida en una de las minas de la ciudad de Tabas, en la provincia de Joras\u00e1n, y que dej\u00f3 v\u00edctimas entre los trabajadores<\/p>\n<p style=\"text-align: justify;\">Un comunicado emitido por el Ministerio de Asuntos Exteriores y Expatriados indic\u00f3 que Siria expresa su m\u00e1s sentido p\u00e9same al pueblo iran\u00ed por los muertos y desea una pronta recuperaci\u00f3n a todos los heridos.<\/p>\n<p style=\"text-align: justify;\">La nota agreg\u00f3 que Damasco tiene plena confianza en que el amigo pueblo iran\u00ed superar\u00e1 esta terrible experiencia y continuar\u00e1 el proceso de producci\u00f3n y construcci\u00f3n.<\/p>\n<p style=\"text-align: justify;\">El s\u00e1bado \u00faltimo, una explosi\u00f3n causada por una fuga de gas en una mina de carb\u00f3n en el este de Ir\u00e1n provoc\u00f3 la muerte de m\u00e1s de 35 personas mientras 17 resultaron heridas.<\/p>\n<p style=\"text-align: justify;\">De acuerdo con las autoridades, una fuga de metano provoc\u00f3 una explosi\u00f3n en dos bloques de la mina, donde se encontraban 69 trabajadores.<\/p>\n<p style=\"text-align: justify;\">La mina de Tabas cubre un \u00e1rea de m\u00e1s de 30 000 kil\u00f3metros cuadrados y contiene enormes reservas de carb\u00f3n de coque y carb\u00f3n t\u00e9rmico.<\/p>\n<p style=\"text-align: justify;\">ws\/fm\/ed<\/p>\n","protected":false},"excerpt":{"rendered":"<p>Damasco, 23 sep (SANA)\u00a0 \u00a0El Gobierno sirio expres\u00f3 hoy su solidaridad con el liderazgo y pueblo de la Rep\u00fablica Isl\u00e1mica de Ir\u00e1n tras la explosi\u00f3n ocurrida en una de las minas de la ciudad de Tabas, en la provincia de Joras\u00e1n, y que dej\u00f3 v\u00edctimas entre los trabajadores Un comunicado emitido por el Ministerio de &hellip;<\/p>\n","protected":false},"author":32,"featured_media":332348,"comment_status":"closed","ping_status":"closed","sticky":false,"template":"","format":"standard","meta":{"footnotes":""},"categories":[477,597,20724,476,7541],"tags":[],"class_list":["post-338744","post","type-post","status-publish","format-standard","has-post-thumbnail","","category-noticias-edulcorantes","category-cinta-de-noticias","category-minuto-a-minuto","category-locales","category-ultimas-noticias"],"_links":{"self":[{"href":"https:\/\/archive.sana.sy\/es\/index.php?rest_route=\/wp\/v2\/posts\/338744"}],"collection":[{"href":"https:\/\/archive.sana.sy\/es\/index.php?rest_route=\/wp\/v2\/posts"}],"about":[{"href":"https:\/\/archive.sana.sy\/es\/index.php?rest_route=\/wp\/v2\/types\/post"}],"author":[{"embeddable":true,"href":"https:\/\/archive.sana.sy\/es\/index.php?rest_route=\/wp\/v2\/users\/32"}],"replies":[{"embeddable":true,"href":"https:\/\/archive.sana.sy\/es\/index.php?rest_route=%2Fwp%2Fv2%2Fcomments&post=338744"}],"version-history":[{"count":2,"href":"https:\/\/archive.sana.sy\/es\/index.php?rest_route=\/wp\/v2\/posts\/338744\/revisions"}],"predecessor-version":[{"id":338746,"href":"https:\/\/archive.sana.sy\/es\/index.php?rest_route=\/wp\/v2\/posts\/338744\/revisions\/338746"}],"wp:featuredmedia":[{"embeddable":true,"href":"https:\/\/archive.sana.sy\/es\/index.php?rest_route=\/wp\/v2\/media\/332348"}],"wp:attachment":[{"href":"https:\/\/archive.sana.sy\/es\/index.php?rest_route=%2Fwp%2Fv2%2Fmedia&parent=338744"}],"wp:term":[{"taxonomy":"category","embeddable":true,"href":"https:\/\/archive.sana.sy\/es\/index.php?rest_route=%2Fwp%2Fv2%2Fcategories&post=338744"},{"taxonomy":"post_tag","embeddable":true,"href":"https:\/\/archive.sana.sy\/es\/index.php?rest_route=%2Fwp%2Fv2%2Ftags&post=338744"}],"curies":[{"name":"wp","href":"https:\/\/api.w.org\/{rel}","templated":true}]}}