{"id":338752,"date":"2024-09-23T17:19:06","date_gmt":"2024-09-23T14:19:06","guid":{"rendered":"https:\/\/sana.sy\/es\/?p=338752"},"modified":"2024-09-23T17:19:06","modified_gmt":"2024-09-23T14:19:06","slug":"41-455-muertos-en-gaza-desde-el-inicio-de-la-guerra-genocida-israeli","status":"publish","type":"post","link":"https:\/\/archive.sana.sy\/es\/?p=338752","title":{"rendered":"41.455 muertos en Gaza desde el inicio de la guerra genocida israel\u00ed"},"content":{"rendered":"<p style=\"text-align: justify;\"><span style=\"color: #800000;\"><strong>Jerusal\u00e9n ocupada, 23 sep (SANA)<\/strong> <\/span>El ej\u00e9rcito de ocupaci\u00f3n israel\u00ed cometi\u00f3 3 masacres en la Franja de Gaza durante las \u00faltimas 24 horas, con un saldo de 24 muertos y 60 heridos, inform\u00f3 hoy el Ministerio de Salud palestino.<\/p>\n<p style=\"text-align: justify;\">Aclar\u00f3 que la cifra total de v\u00edctimas durante 353 d\u00edas de agresi\u00f3n aument\u00f3 a 41.455 muertos y 95.878 heridos.<\/p>\n<p style=\"text-align: justify;\">Un n\u00famero de v\u00edctimas todav\u00eda se encuentra bajo los escombros y en las carreteras, y las ambulancias y los equipos de defensa civil no pueden llegar a ellos.<\/p>\n<p style=\"text-align: justify;\">Durante el d\u00eda de hoy, el ocupante cometi\u00f3 dos masacres al bombardear dos escuelas que albergan a refugiados en los campos de Shati y Nuseirat en la Franja de Gaza, dejando 10 m\u00e1rtires y decenas de heridos.<\/p>\n<p style=\"text-align: justify;\">fm\/sm<\/p>\n","protected":false},"excerpt":{"rendered":"<p>Jerusal\u00e9n ocupada, 23 sep (SANA) El ej\u00e9rcito de ocupaci\u00f3n israel\u00ed cometi\u00f3 3 masacres en la Franja de Gaza durante las \u00faltimas 24 horas, con un saldo de 24 muertos y 60 heridos, inform\u00f3 hoy el Ministerio de Salud palestino. Aclar\u00f3 que la cifra total de v\u00edctimas durante 353 d\u00edas de agresi\u00f3n aument\u00f3 a 41.455 muertos &hellip;<\/p>\n","protected":false},"author":39,"featured_media":338753,"comment_status":"closed","ping_status":"closed","sticky":false,"template":"","format":"standard","meta":{"footnotes":""},"categories":[597,456,20724,583],"tags":[],"class_list":["post-338752","post","type-post","status-publish","format-standard","has-post-thumbnail","","category-cinta-de-noticias","category-arabe-internacional-politica","category-minuto-a-minuto","category-slide"],"_links":{"self":[{"href":"https:\/\/archive.sana.sy\/es\/index.php?rest_route=\/wp\/v2\/posts\/338752"}],"collection":[{"href":"https:\/\/archive.sana.sy\/es\/index.php?rest_route=\/wp\/v2\/posts"}],"about":[{"href":"https:\/\/archive.sana.sy\/es\/index.php?rest_route=\/wp\/v2\/types\/post"}],"author":[{"embeddable":true,"href":"https:\/\/archive.sana.sy\/es\/index.php?rest_route=\/wp\/v2\/users\/39"}],"replies":[{"embeddable":true,"href":"https:\/\/archive.sana.sy\/es\/index.php?rest_route=%2Fwp%2Fv2%2Fcomments&post=338752"}],"version-history":[{"count":1,"href":"https:\/\/archive.sana.sy\/es\/index.php?rest_route=\/wp\/v2\/posts\/338752\/revisions"}],"predecessor-version":[{"id":338754,"href":"https:\/\/archive.sana.sy\/es\/index.php?rest_route=\/wp\/v2\/posts\/338752\/revisions\/338754"}],"wp:featuredmedia":[{"embeddable":true,"href":"https:\/\/archive.sana.sy\/es\/index.php?rest_route=\/wp\/v2\/media\/338753"}],"wp:attachment":[{"href":"https:\/\/archive.sana.sy\/es\/index.php?rest_route=%2Fwp%2Fv2%2Fmedia&parent=338752"}],"wp:term":[{"taxonomy":"category","embeddable":true,"href":"https:\/\/archive.sana.sy\/es\/index.php?rest_route=%2Fwp%2Fv2%2Fcategories&post=338752"},{"taxonomy":"post_tag","embeddable":true,"href":"https:\/\/archive.sana.sy\/es\/index.php?rest_route=%2Fwp%2Fv2%2Ftags&post=338752"}],"curies":[{"name":"wp","href":"https:\/\/api.w.org\/{rel}","templated":true}]}}