{"id":338800,"date":"2024-09-24T16:03:31","date_gmt":"2024-09-24T13:03:31","guid":{"rendered":"https:\/\/sana.sy\/es\/?p=338800"},"modified":"2024-09-24T16:04:52","modified_gmt":"2024-09-24T13:04:52","slug":"el-movimiento-de-no-alineados-exige-fin-de-agresiones-israelies-en-palestina-ocupada-libano-y-siria","status":"publish","type":"post","link":"https:\/\/archive.sana.sy\/es\/?p=338800","title":{"rendered":"El Movimiento de No Alineados exige fin de agresiones israel\u00edes en Palestina ocupada, L\u00edbano y Siria"},"content":{"rendered":"<p style=\"text-align: justify;\"><span style=\"color: #800000;\"><strong>Nueva York, 24 sep (SANA)<\/strong><\/span> Los ministros de Asuntos Exteriores de los pa\u00edses miembros del Movimiento de los Pa\u00edses No Alineados (NOAL) pidieron hoy el fin de las agresiones del ocupante israel\u00ed contra Palestina, el L\u00edbano y el territorio sirio, e instaron a ejercer presiones sobre &#8220;Israel&#8221; y obligarlo a implementar las resoluciones pertinentes del Consejo de Seguridad y retirarse completamente del Gol\u00e1n sirio ocupado.<\/p>\n<p style=\"text-align: justify;\">Esta postura fue anunciada en 0una declaraci\u00f3n pol\u00edtica adoptada durante la reuni\u00f3n ministerial del Movimiento, celebrada en la sede de Naciones Unidas en Nueva York, bajo el t\u00edtulo: \u201cProtecci\u00f3n de los civiles en los conflictos armados, posici\u00f3n y solidaridad con el pueblo palestino\u201d.<\/p>\n<p style=\"text-align: justify;\">El documento conden\u00f3 todas las medidas adoptadas por \u201cIsrael\u201d, la potencia ocupante, para cambiar el estatus legal, natural y demogr\u00e1fico del Gol\u00e1n sirio ocupado, y su continuo empe\u00f1o de construir y ampliar las colonias en todo el territorio palestino ocupado y en el ocupado.<\/p>\n<p style=\"text-align: justify;\">Los Cancilleres tambi\u00e9n pidieron que se obligue a Israel a implementar las resoluciones pertinentes del Consejo de Seguridad y a retirarse completamente del Gol\u00e1n sirio ocupado hasta la l\u00ednea del 4 de junio de 1967.<\/p>\n<p style=\"text-align: justify;\">Consideraron los repetidos ataques israel\u00edes contra territorio sirio como una clara agresi\u00f3n contra el territorio de un Estado soberano, y una flagrante violaci\u00f3n de las disposiciones del derecho internacional y de la Carta de las Naciones Unidas.<\/p>\n<p style=\"text-align: justify;\">Los ministros y jefes de delegaciones del Movimiento de Pa\u00edses No Alineados afirmaron su solidaridad con el pueblo palestino ante el genocidio cometido por \u201cIsrael\u201d, y expresaron su apoyo a sus derechos inalienables a establecer su estado independiente con Jerusal\u00e9n como su capital.<\/p>\n<p style=\"text-align: justify;\">Durante la reuni\u00f3n, el representante permanente de Siria ante las Naciones Unidas, el embajador Qusay Al-Dahhak, reafirm\u00f3 el apoyo de Siria a los pueblos hermanos de Palestina y L\u00edbano en su enfrentamiento a la m\u00e1quina asesina israel\u00ed.<\/p>\n<p style=\"text-align: justify;\">Destacaron la necesidad de intensificar los esfuerzos para detener los repetidos ataques israel\u00edes contra tierras sirias y los pa\u00edses de la regi\u00f3n.<\/p>\n<p style=\"text-align: justify;\">fm\/as<\/p>\n","protected":false},"excerpt":{"rendered":"<p>Nueva York, 24 sep (SANA) Los ministros de Asuntos Exteriores de los pa\u00edses miembros del Movimiento de los Pa\u00edses No Alineados (NOAL) pidieron hoy el fin de las agresiones del ocupante israel\u00ed contra Palestina, el L\u00edbano y el territorio sirio, e instaron a ejercer presiones sobre &#8220;Israel&#8221; y obligarlo a implementar las resoluciones pertinentes del &hellip;<\/p>\n","protected":false},"author":42,"featured_media":338803,"comment_status":"closed","ping_status":"closed","sticky":false,"template":"","format":"standard","meta":{"footnotes":""},"categories":[597,20724,467,583],"tags":[],"class_list":["post-338800","post","type-post","status-publish","format-standard","has-post-thumbnail","","category-cinta-de-noticias","category-minuto-a-minuto","category-siria-y-el-mundo","category-slide"],"_links":{"self":[{"href":"https:\/\/archive.sana.sy\/es\/index.php?rest_route=\/wp\/v2\/posts\/338800"}],"collection":[{"href":"https:\/\/archive.sana.sy\/es\/index.php?rest_route=\/wp\/v2\/posts"}],"about":[{"href":"https:\/\/archive.sana.sy\/es\/index.php?rest_route=\/wp\/v2\/types\/post"}],"author":[{"embeddable":true,"href":"https:\/\/archive.sana.sy\/es\/index.php?rest_route=\/wp\/v2\/users\/42"}],"replies":[{"embeddable":true,"href":"https:\/\/archive.sana.sy\/es\/index.php?rest_route=%2Fwp%2Fv2%2Fcomments&post=338800"}],"version-history":[{"count":1,"href":"https:\/\/archive.sana.sy\/es\/index.php?rest_route=\/wp\/v2\/posts\/338800\/revisions"}],"predecessor-version":[{"id":338802,"href":"https:\/\/archive.sana.sy\/es\/index.php?rest_route=\/wp\/v2\/posts\/338800\/revisions\/338802"}],"wp:featuredmedia":[{"embeddable":true,"href":"https:\/\/archive.sana.sy\/es\/index.php?rest_route=\/wp\/v2\/media\/338803"}],"wp:attachment":[{"href":"https:\/\/archive.sana.sy\/es\/index.php?rest_route=%2Fwp%2Fv2%2Fmedia&parent=338800"}],"wp:term":[{"taxonomy":"category","embeddable":true,"href":"https:\/\/archive.sana.sy\/es\/index.php?rest_route=%2Fwp%2Fv2%2Fcategories&post=338800"},{"taxonomy":"post_tag","embeddable":true,"href":"https:\/\/archive.sana.sy\/es\/index.php?rest_route=%2Fwp%2Fv2%2Ftags&post=338800"}],"curies":[{"name":"wp","href":"https:\/\/api.w.org\/{rel}","templated":true}]}}