{"id":338804,"date":"2024-09-24T16:08:36","date_gmt":"2024-09-24T13:08:36","guid":{"rendered":"https:\/\/sana.sy\/es\/?p=338804"},"modified":"2024-09-24T16:08:36","modified_gmt":"2024-09-24T13:08:36","slug":"continuan-los-combates-en-kursk-y-las-fuerzas-rusas-neutralizan-a-360-militares-ucranianos-y-les-destruyen-13-blindados","status":"publish","type":"post","link":"https:\/\/archive.sana.sy\/es\/?p=338804","title":{"rendered":"Contin\u00faan los combates en Kursk y las fuerzas rusas neutralizan a 360 militares ucranianos y les destruyen 13 blindados"},"content":{"rendered":"<p style=\"text-align: justify;\"><span style=\"color: #800000;\"><strong>Mosc\u00fa, 24 sep (SANA)<\/strong> <\/span>El Ministerio de Defensa de Rusia inform\u00f3 hoy que durante los combates liberados el \u00faltimo d\u00eda en la regi\u00f3n rusa de Kursk, las p\u00e9rdidas de las fuerzas ucranianas ascendieron a m\u00e1s de 360 militares.<\/p>\n<p style=\"text-align: justify;\">Agreg\u00f3 que los militares rusos destruyeron 13 veh\u00edculos blindados, 4 piezas de artiller\u00eda, una estaci\u00f3n de guerra electr\u00f3nica y un veh\u00edculo de ingenier\u00eda de demolici\u00f3n de las fuerzas del r\u00e9gimen de Kiev.<\/p>\n<p style=\"text-align: justify;\">Seg\u00fan el ente castrense, los miitares rusos repelieron 2 ataques de Kiev cerca de las localidades de M\u00e1laya Loknia y Ob\u00fajovka, donde 4 militares de Ucrania fueron hechos prisioneros.<\/p>\n<p style=\"text-align: justify;\">Desde el inicio de los combates en el Frente de Kursk, el Ej\u00e9rcito ucraniano perdi\u00f3 a m\u00e1s de 16.700 soldados, 127 tanques, 61 veh\u00edculos de combate de infanter\u00eda, 95 veh\u00edculos blindados de transporte de tropas, 809 veh\u00edculos blindados de combate, 136 piezas de artiller\u00eda, 31 lanzamisiles m\u00faltiples, 8 lanzamisiles antia\u00e9reos, 35 estaciones de guerra electr\u00f3nica y 8 radares de contrabater\u00eda.<\/p>\n<p style=\"text-align: justify;\">fm\/as<\/p>\n","protected":false},"excerpt":{"rendered":"<p>Mosc\u00fa, 24 sep (SANA) El Ministerio de Defensa de Rusia inform\u00f3 hoy que durante los combates liberados el \u00faltimo d\u00eda en la regi\u00f3n rusa de Kursk, las p\u00e9rdidas de las fuerzas ucranianas ascendieron a m\u00e1s de 360 militares. Agreg\u00f3 que los militares rusos destruyeron 13 veh\u00edculos blindados, 4 piezas de artiller\u00eda, una estaci\u00f3n de guerra &hellip;<\/p>\n","protected":false},"author":42,"featured_media":338805,"comment_status":"closed","ping_status":"closed","sticky":false,"template":"","format":"standard","meta":{"footnotes":""},"categories":[597,456,16687,20724,7541],"tags":[],"class_list":["post-338804","post","type-post","status-publish","format-standard","has-post-thumbnail","","category-cinta-de-noticias","category-arabe-internacional-politica","category-internacionales","category-minuto-a-minuto","category-ultimas-noticias"],"_links":{"self":[{"href":"https:\/\/archive.sana.sy\/es\/index.php?rest_route=\/wp\/v2\/posts\/338804"}],"collection":[{"href":"https:\/\/archive.sana.sy\/es\/index.php?rest_route=\/wp\/v2\/posts"}],"about":[{"href":"https:\/\/archive.sana.sy\/es\/index.php?rest_route=\/wp\/v2\/types\/post"}],"author":[{"embeddable":true,"href":"https:\/\/archive.sana.sy\/es\/index.php?rest_route=\/wp\/v2\/users\/42"}],"replies":[{"embeddable":true,"href":"https:\/\/archive.sana.sy\/es\/index.php?rest_route=%2Fwp%2Fv2%2Fcomments&post=338804"}],"version-history":[{"count":1,"href":"https:\/\/archive.sana.sy\/es\/index.php?rest_route=\/wp\/v2\/posts\/338804\/revisions"}],"predecessor-version":[{"id":338806,"href":"https:\/\/archive.sana.sy\/es\/index.php?rest_route=\/wp\/v2\/posts\/338804\/revisions\/338806"}],"wp:featuredmedia":[{"embeddable":true,"href":"https:\/\/archive.sana.sy\/es\/index.php?rest_route=\/wp\/v2\/media\/338805"}],"wp:attachment":[{"href":"https:\/\/archive.sana.sy\/es\/index.php?rest_route=%2Fwp%2Fv2%2Fmedia&parent=338804"}],"wp:term":[{"taxonomy":"category","embeddable":true,"href":"https:\/\/archive.sana.sy\/es\/index.php?rest_route=%2Fwp%2Fv2%2Fcategories&post=338804"},{"taxonomy":"post_tag","embeddable":true,"href":"https:\/\/archive.sana.sy\/es\/index.php?rest_route=%2Fwp%2Fv2%2Ftags&post=338804"}],"curies":[{"name":"wp","href":"https:\/\/api.w.org\/{rel}","templated":true}]}}