{"id":338807,"date":"2024-09-24T16:31:01","date_gmt":"2024-09-24T13:31:01","guid":{"rendered":"https:\/\/sana.sy\/es\/?p=338807"},"modified":"2024-09-24T16:31:01","modified_gmt":"2024-09-24T13:31:01","slug":"libano-eleva-cifra-de-victimas-por-agresiones-israelies-a-558-muertos-y-1835-heridos","status":"publish","type":"post","link":"https:\/\/archive.sana.sy\/es\/?p=338807","title":{"rendered":"L\u00edbano eleva cifra de v\u00edctimas por agresiones israel\u00edes a 558 muertos y 1835 heridos"},"content":{"rendered":"<p style=\"text-align: justify;\"><span style=\"color: #800000;\"><strong>Beirut, 24 sep (SANA)\u00a0 \u00a0<\/strong><\/span>El n\u00famero de muertos en las agresiones perpetradas por \u201cIsrael\u201d contra zonas pobladas en el sur de L\u00edbano aument\u00f3 a 558.<\/p>\n<p style=\"text-align: justify;\">El ministro de Salud en funciones del L\u00edbano, Firas Abyad, asegur\u00f3 que el n\u00famero de heridos lleg\u00f3 a 1.835.<\/p>\n<p style=\"text-align: justify;\"><a href=\"http:\/\/sana.sy\/es\/wp-content\/uploads\/2024\/09\/photo_2024-09-24_15-07-58.jpg\"><img loading=\"lazy\" decoding=\"async\" class=\"wp-image-338809 alignleft\" src=\"http:\/\/sana.sy\/es\/wp-content\/uploads\/2024\/09\/photo_2024-09-24_15-07-58.jpg\" alt=\"\" width=\"174\" height=\"182\" srcset=\"https:\/\/archive.sana.sy\/es\/wp-content\/uploads\/2024\/09\/photo_2024-09-24_15-07-58.jpg 960w, https:\/\/archive.sana.sy\/es\/wp-content\/uploads\/2024\/09\/photo_2024-09-24_15-07-58-287x300.jpg 287w, https:\/\/archive.sana.sy\/es\/wp-content\/uploads\/2024\/09\/photo_2024-09-24_15-07-58-143x150.jpg 143w, https:\/\/archive.sana.sy\/es\/wp-content\/uploads\/2024\/09\/photo_2024-09-24_15-07-58-768x803.jpg 768w\" sizes=\"(max-width: 174px) 100vw, 174px\" \/><\/a>&#8220;Entre los muertos hay 50 ni\u00f1os y 94 mujeres, tambi\u00e9n fallecieron 4 miembros del personal de ambulancias, cuyos veh\u00edculos fueron alcanzados por los bombardeos\u201d, dijo el Titular.<\/p>\n<p style=\"text-align: justify;\">Denunci\u00f3 que fue destruido un hospital en la localidad de Bint Jbeil.<\/p>\n<p style=\"text-align: justify;\">Por otro lado, m\u00e1s de 40 vuelos hacia y desde Beirut fueron cancelados debido a la escalada israel\u00ed.<\/p>\n<p style=\"text-align: justify;\">Durante las recientes horas, fueron confirmados al menos 6 muertos y varias heridos debido al ataque a\u00e9reo israel\u00ed contra un edificio en la zona de Al-Ghobeiry, en los suburbios del sur de Beirut.<\/p>\n<p style=\"text-align: justify;\">fm<\/p>\n","protected":false},"excerpt":{"rendered":"<p>Beirut, 24 sep (SANA)\u00a0 \u00a0El n\u00famero de muertos en las agresiones perpetradas por \u201cIsrael\u201d contra zonas pobladas en el sur de L\u00edbano aument\u00f3 a 558. El ministro de Salud en funciones del L\u00edbano, Firas Abyad, asegur\u00f3 que el n\u00famero de heridos lleg\u00f3 a 1.835. &#8220;Entre los muertos hay 50 ni\u00f1os y 94 mujeres, tambi\u00e9n fallecieron &hellip;<\/p>\n","protected":false},"author":32,"featured_media":338808,"comment_status":"closed","ping_status":"closed","sticky":false,"template":"","format":"standard","meta":{"footnotes":""},"categories":[597,456,20724,583],"tags":[],"class_list":["post-338807","post","type-post","status-publish","format-standard","has-post-thumbnail","","category-cinta-de-noticias","category-arabe-internacional-politica","category-minuto-a-minuto","category-slide"],"_links":{"self":[{"href":"https:\/\/archive.sana.sy\/es\/index.php?rest_route=\/wp\/v2\/posts\/338807"}],"collection":[{"href":"https:\/\/archive.sana.sy\/es\/index.php?rest_route=\/wp\/v2\/posts"}],"about":[{"href":"https:\/\/archive.sana.sy\/es\/index.php?rest_route=\/wp\/v2\/types\/post"}],"author":[{"embeddable":true,"href":"https:\/\/archive.sana.sy\/es\/index.php?rest_route=\/wp\/v2\/users\/32"}],"replies":[{"embeddable":true,"href":"https:\/\/archive.sana.sy\/es\/index.php?rest_route=%2Fwp%2Fv2%2Fcomments&post=338807"}],"version-history":[{"count":1,"href":"https:\/\/archive.sana.sy\/es\/index.php?rest_route=\/wp\/v2\/posts\/338807\/revisions"}],"predecessor-version":[{"id":338810,"href":"https:\/\/archive.sana.sy\/es\/index.php?rest_route=\/wp\/v2\/posts\/338807\/revisions\/338810"}],"wp:featuredmedia":[{"embeddable":true,"href":"https:\/\/archive.sana.sy\/es\/index.php?rest_route=\/wp\/v2\/media\/338808"}],"wp:attachment":[{"href":"https:\/\/archive.sana.sy\/es\/index.php?rest_route=%2Fwp%2Fv2%2Fmedia&parent=338807"}],"wp:term":[{"taxonomy":"category","embeddable":true,"href":"https:\/\/archive.sana.sy\/es\/index.php?rest_route=%2Fwp%2Fv2%2Fcategories&post=338807"},{"taxonomy":"post_tag","embeddable":true,"href":"https:\/\/archive.sana.sy\/es\/index.php?rest_route=%2Fwp%2Fv2%2Ftags&post=338807"}],"curies":[{"name":"wp","href":"https:\/\/api.w.org\/{rel}","templated":true}]}}