{"id":338811,"date":"2024-09-24T16:58:36","date_gmt":"2024-09-24T13:58:36","guid":{"rendered":"https:\/\/sana.sy\/es\/?p=338811"},"modified":"2024-09-24T16:58:52","modified_gmt":"2024-09-24T13:58:52","slug":"confirman-muerte-de-mas-de-41-460-palestinos-en-gaza-desde-octubre-de-2023","status":"publish","type":"post","link":"https:\/\/archive.sana.sy\/es\/?p=338811","title":{"rendered":"Confirman muerte de m\u00e1s de 41.460 palestinos en Gaza desde octubre de 2023"},"content":{"rendered":"<p style=\"text-align: justify\"><span style=\"color: #800000\"><strong>Jerusal\u00e9n ocupada, 24 sep (SANA)<\/strong><\/span> La cifra total de v\u00edctimas mortales desde que comenz\u00f3 la guerra de \u201cIsrael\u201d contra la Franja de Gaza ascendi\u00f3 a 41.467, inform\u00f3 hoy el Ministerio de Salud palestino.<\/p>\n<p style=\"text-align: justify\">El ente comunic\u00f3 que hay por lo menos unas 10.000 personas m\u00e1s desaparecidas, sean sepultados bajo escombros o tirados en las carreteras, y los equipos m\u00e9dicos y de defensa civil no pueden llegar a ellos debido a las fuerzas israel\u00edes.<\/p>\n<p style=\"text-align: justify\">Los heridos desde el comienzo de la guerra sumaron ya 95.921.<\/p>\n<p>fm\/la<\/p>\n","protected":false},"excerpt":{"rendered":"<p>Jerusal\u00e9n ocupada, 24 sep (SANA) La cifra total de v\u00edctimas mortales desde que comenz\u00f3 la guerra de \u201cIsrael\u201d contra la Franja de Gaza ascendi\u00f3 a 41.467, inform\u00f3 hoy el Ministerio de Salud palestino. El ente comunic\u00f3 que hay por lo menos unas 10.000 personas m\u00e1s desaparecidas, sean sepultados bajo escombros o tirados en las carreteras, &hellip;<\/p>\n","protected":false},"author":24,"featured_media":338812,"comment_status":"closed","ping_status":"closed","sticky":false,"template":"","format":"standard","meta":{"footnotes":""},"categories":[597,456,20724,583],"tags":[],"class_list":["post-338811","post","type-post","status-publish","format-standard","has-post-thumbnail","","category-cinta-de-noticias","category-arabe-internacional-politica","category-minuto-a-minuto","category-slide"],"_links":{"self":[{"href":"https:\/\/archive.sana.sy\/es\/index.php?rest_route=\/wp\/v2\/posts\/338811"}],"collection":[{"href":"https:\/\/archive.sana.sy\/es\/index.php?rest_route=\/wp\/v2\/posts"}],"about":[{"href":"https:\/\/archive.sana.sy\/es\/index.php?rest_route=\/wp\/v2\/types\/post"}],"author":[{"embeddable":true,"href":"https:\/\/archive.sana.sy\/es\/index.php?rest_route=\/wp\/v2\/users\/24"}],"replies":[{"embeddable":true,"href":"https:\/\/archive.sana.sy\/es\/index.php?rest_route=%2Fwp%2Fv2%2Fcomments&post=338811"}],"version-history":[{"count":1,"href":"https:\/\/archive.sana.sy\/es\/index.php?rest_route=\/wp\/v2\/posts\/338811\/revisions"}],"predecessor-version":[{"id":338813,"href":"https:\/\/archive.sana.sy\/es\/index.php?rest_route=\/wp\/v2\/posts\/338811\/revisions\/338813"}],"wp:featuredmedia":[{"embeddable":true,"href":"https:\/\/archive.sana.sy\/es\/index.php?rest_route=\/wp\/v2\/media\/338812"}],"wp:attachment":[{"href":"https:\/\/archive.sana.sy\/es\/index.php?rest_route=%2Fwp%2Fv2%2Fmedia&parent=338811"}],"wp:term":[{"taxonomy":"category","embeddable":true,"href":"https:\/\/archive.sana.sy\/es\/index.php?rest_route=%2Fwp%2Fv2%2Fcategories&post=338811"},{"taxonomy":"post_tag","embeddable":true,"href":"https:\/\/archive.sana.sy\/es\/index.php?rest_route=%2Fwp%2Fv2%2Ftags&post=338811"}],"curies":[{"name":"wp","href":"https:\/\/api.w.org\/{rel}","templated":true}]}}