{"id":338814,"date":"2024-09-24T17:20:03","date_gmt":"2024-09-24T14:20:03","guid":{"rendered":"https:\/\/sana.sy\/es\/?p=338814"},"modified":"2024-09-24T17:23:00","modified_gmt":"2024-09-24T14:23:00","slug":"siria-aspira-a-un-futuro-libre-de-las-ambiciones-hegemonicas-y-del-terrorismo-afirma-delegado-sirio-ante-la-cumbre-del-futuro","status":"publish","type":"post","link":"https:\/\/archive.sana.sy\/es\/?p=338814","title":{"rendered":"Siria aspira a un futuro libre de las ambiciones hegem\u00f3nicas y del terrorismo, afirma delegado sirio ante la \u201cCumbre del Futuro\u201d"},"content":{"rendered":"<blockquote>\n<p style=\"text-align: justify\"><span style=\"color: #993300\">\u201cEllo requiere la toma de medidas serias y urgentes para desarrollar las estructuras y mecanismos de acci\u00f3n multilateral internacional, establecer una verdadera asociaci\u00f3n lejos de las pol\u00edticas de aislamiento y de los intereses ego\u00edstas de algunos pa\u00edses occidentales\u201d<\/span><\/p>\n<\/blockquote>\n<p style=\"text-align: justify\"><span style=\"color: #800000\"><strong>Nueva York, 24 sep (SANA)<\/strong><\/span> El representante permanente de Siria ante las Naciones Unidas, el embajador Qusay Al-Dahhak, afirm\u00f3 hoy que el pueblo sirio est\u00e1 decidido a construir su futuro con su propia voluntad sin permitir que ninguna parte externa le imponga sus dictados y percepciones.<\/p>\n<p style=\"text-align: justify\">En un discurso pronunciado ante la \u201cCumbre del Futuro\u201d celebrada en la sede de las Naciones Unidas en Nueva York, Al-Dahhak expres\u00f3 que Siria aspira a un futuro basado en el di\u00e1logo y la diplomacia y en el que se fortalece la acci\u00f3n multilateral y se defienden los principios de la Carta y el estado de derecho a nivel internacional.<\/p>\n<p style=\"text-align: justify\">Queremos un futuro libre de la ocupaci\u00f3n, de las ambiciones hegem\u00f3nicas, del terrorismo, de las medidas coercitivas unilaterales y de los castigos colectivos a los pueblos, y ello requiere la toma de medidas serias y urgentes para desarrollar las estructuras y mecanismos de acci\u00f3n multilateral internacional, establecer una verdadera asociaci\u00f3n lejos de las pol\u00edticas de aislamiento y de los intereses ego\u00edstas de algunos pa\u00edses occidentales, explic\u00f3 el diplom\u00e1tico.<\/p>\n<p style=\"text-align: justify\">Se\u00f1al\u00f3 que Siria suma su voz a la de los pa\u00edses que exigen la reforma de las instituciones financieras internacionales de manera que se garantice la participaci\u00f3n de los pa\u00edses en desarrollo en el proceso internacional de toma de decisiones econ\u00f3micas, se solucione la crisis de la deuda mundial y se brinde apoyo a la implementaci\u00f3n del Plan de Acci\u00f3n 2030.<\/p>\n<p style=\"text-align: justify\">Seg\u00fan afirm\u00f3 el delegado sirio, construir un futuro que satisfaga las aspiraciones de los pueblos y garantice el mantenimiento de la paz y la seguridad internacionales requiere que algunos pa\u00edses abandonen la mentalidad del pasado y las ambiciones de dominaci\u00f3n y colonialismo y que se detengan de imponer su voluntad a otros pueblos y respeten sus opciones nacionales independientes y sus peculiaridades c\u00edvicas y culturales.<\/p>\n<p style=\"text-align: justify\">Esta cumbre constituye una importante oportunidad para evaluar nuestro trabajo conjunto y lo logrado para construir el futuro anhelado que garantice el cumplimiento del compromiso de la Carta de mantener la paz y la seguridad internacionales, evitar que las generaciones futuras sufran del flagelo de la guerra, consolidar los v\u00ednculos de cooperaci\u00f3n y amistad, y promover los derechos humanos b\u00e1sicos, destac\u00f3.<\/p>\n<p style=\"text-align: justify\">Por otro lado, el embajador sirio se\u00f1al\u00f3 que la continua ocupaci\u00f3n israel\u00ed de las tierras \u00e1rabes en Palestina, Siria y el L\u00edbano, y la persistencia de las autoridades de Tel Aviv de cometer cr\u00edmenes de genocidio y limpieza \u00e9tnica, representan una violaci\u00f3n grave e inaceptable del derecho internacional, los principios y prop\u00f3sitos de la Carta de las Naciones Unidas y de todas las normas y valores humanos.<\/p>\n<p style=\"text-align: justify\">Por \u00faltimo, denunci\u00f3 que algunos pa\u00edses occidentales han seguido pol\u00edticas encaminadas a privar a los sirios de su futuro mediante el saqueo de sus riquezas e imponerles medidas coercitivas unilaterales.<\/p>\n<p style=\"text-align: justify\">fm\/la<\/p>\n","protected":false},"excerpt":{"rendered":"<p>\u201cEllo requiere la toma de medidas serias y urgentes para desarrollar las estructuras y mecanismos de acci\u00f3n multilateral internacional, establecer una verdadera asociaci\u00f3n lejos de las pol\u00edticas de aislamiento y de los intereses ego\u00edstas de algunos pa\u00edses occidentales\u201d Nueva York, 24 sep (SANA) El representante permanente de Siria ante las Naciones Unidas, el embajador Qusay &hellip;<\/p>\n","protected":false},"author":24,"featured_media":338817,"comment_status":"closed","ping_status":"closed","sticky":false,"template":"","format":"standard","meta":{"footnotes":""},"categories":[447,597,20724,448,467,583],"tags":[],"class_list":["post-338814","post","type-post","status-publish","format-standard","has-post-thumbnail","","category-local-politica","category-cinta-de-noticias","category-minuto-a-minuto","category-noticias","category-siria-y-el-mundo","category-slide"],"_links":{"self":[{"href":"https:\/\/archive.sana.sy\/es\/index.php?rest_route=\/wp\/v2\/posts\/338814"}],"collection":[{"href":"https:\/\/archive.sana.sy\/es\/index.php?rest_route=\/wp\/v2\/posts"}],"about":[{"href":"https:\/\/archive.sana.sy\/es\/index.php?rest_route=\/wp\/v2\/types\/post"}],"author":[{"embeddable":true,"href":"https:\/\/archive.sana.sy\/es\/index.php?rest_route=\/wp\/v2\/users\/24"}],"replies":[{"embeddable":true,"href":"https:\/\/archive.sana.sy\/es\/index.php?rest_route=%2Fwp%2Fv2%2Fcomments&post=338814"}],"version-history":[{"count":2,"href":"https:\/\/archive.sana.sy\/es\/index.php?rest_route=\/wp\/v2\/posts\/338814\/revisions"}],"predecessor-version":[{"id":338818,"href":"https:\/\/archive.sana.sy\/es\/index.php?rest_route=\/wp\/v2\/posts\/338814\/revisions\/338818"}],"wp:featuredmedia":[{"embeddable":true,"href":"https:\/\/archive.sana.sy\/es\/index.php?rest_route=\/wp\/v2\/media\/338817"}],"wp:attachment":[{"href":"https:\/\/archive.sana.sy\/es\/index.php?rest_route=%2Fwp%2Fv2%2Fmedia&parent=338814"}],"wp:term":[{"taxonomy":"category","embeddable":true,"href":"https:\/\/archive.sana.sy\/es\/index.php?rest_route=%2Fwp%2Fv2%2Fcategories&post=338814"},{"taxonomy":"post_tag","embeddable":true,"href":"https:\/\/archive.sana.sy\/es\/index.php?rest_route=%2Fwp%2Fv2%2Ftags&post=338814"}],"curies":[{"name":"wp","href":"https:\/\/api.w.org\/{rel}","templated":true}]}}