{"id":338819,"date":"2024-09-24T17:47:54","date_gmt":"2024-09-24T14:47:54","guid":{"rendered":"https:\/\/sana.sy\/es\/?p=338819"},"modified":"2024-09-24T18:05:13","modified_gmt":"2024-09-24T15:05:13","slug":"asesora-de-la-presidencia-siria-examina-con-viceprimer-ministro-omani-ultimos-sucesos-en-el-mundo-arabe","status":"publish","type":"post","link":"https:\/\/archive.sana.sy\/es\/?p=338819","title":{"rendered":"Asesora de la Presidencia siria examina con Viceprimer ministro oman\u00ed \u00faltimos sucesos en el mundo \u00e1rabe"},"content":{"rendered":"<p style=\"text-align: justify\"><span style=\"color: #800000\"><strong>Mascate, 24 sep (SANA)<\/strong><\/span> El viceprimer ministro para Asuntos del Gabinete de Om\u00e1n, Fahd bin Mahmoud Al Said, se reuni\u00f3 hoy con la Asesora Especial de la Presidencia de la Rep\u00fablica, Buthaina Shaaban, en Mascate.<\/p>\n<p style=\"text-align: justify\">Este encuentro se celebr\u00f3 al margen de la Conferencia Internacional de Historia Oral, organizada por la fundaci\u00f3n siria \u201cWathifat Watan\u201d y la Autoridad de Archivos y Registros de Om\u00e1n.<\/p>\n<p style=\"text-align: justify\">Ambas partes hicieron hincapi\u00e9 en la profundidad las relaciones binacionales, as\u00ed como pasaron revista a los \u00faltimos acontecimientos en el escenario \u00e1rabe.<\/p>\n<p style=\"text-align: justify\">Destacaron la necesidad de que los pa\u00edses \u00e1rabes cierren filas ante cualquier riesgo, y que superen las diferencias para enfrentar los retos actuales.<\/p>\n<p style=\"text-align: justify\">Bin Mahmoud Al Said manifest\u00f3 el inter\u00e9s de los oman\u00edes en desarrollar y fortalecer la cooperaci\u00f3n con el pueblo sirio en los distintos campos.<\/p>\n<p style=\"text-align: justify\">Por su parte, Shaaban apreci\u00f3 el papel solidario de Om\u00e1n con Siria, y marc\u00f3 que los dos pa\u00edses creen que preservar la historia y el patrimonio se trata de una verdadera inmunidad para cualquier pa\u00eds.<\/p>\n<p style=\"text-align: justify\">la<\/p>\n","protected":false},"excerpt":{"rendered":"<p>Mascate, 24 sep (SANA) El viceprimer ministro para Asuntos del Gabinete de Om\u00e1n, Fahd bin Mahmoud Al Said, se reuni\u00f3 hoy con la Asesora Especial de la Presidencia de la Rep\u00fablica, Buthaina Shaaban, en Mascate. Este encuentro se celebr\u00f3 al margen de la Conferencia Internacional de Historia Oral, organizada por la fundaci\u00f3n siria \u201cWathifat Watan\u201d &hellip;<\/p>\n","protected":false},"author":24,"featured_media":338820,"comment_status":"closed","ping_status":"closed","sticky":false,"template":"","format":"standard","meta":{"footnotes":""},"categories":[447,597,20724,467,7541],"tags":[],"class_list":["post-338819","post","type-post","status-publish","format-standard","has-post-thumbnail","","category-local-politica","category-cinta-de-noticias","category-minuto-a-minuto","category-siria-y-el-mundo","category-ultimas-noticias"],"_links":{"self":[{"href":"https:\/\/archive.sana.sy\/es\/index.php?rest_route=\/wp\/v2\/posts\/338819"}],"collection":[{"href":"https:\/\/archive.sana.sy\/es\/index.php?rest_route=\/wp\/v2\/posts"}],"about":[{"href":"https:\/\/archive.sana.sy\/es\/index.php?rest_route=\/wp\/v2\/types\/post"}],"author":[{"embeddable":true,"href":"https:\/\/archive.sana.sy\/es\/index.php?rest_route=\/wp\/v2\/users\/24"}],"replies":[{"embeddable":true,"href":"https:\/\/archive.sana.sy\/es\/index.php?rest_route=%2Fwp%2Fv2%2Fcomments&post=338819"}],"version-history":[{"count":2,"href":"https:\/\/archive.sana.sy\/es\/index.php?rest_route=\/wp\/v2\/posts\/338819\/revisions"}],"predecessor-version":[{"id":338822,"href":"https:\/\/archive.sana.sy\/es\/index.php?rest_route=\/wp\/v2\/posts\/338819\/revisions\/338822"}],"wp:featuredmedia":[{"embeddable":true,"href":"https:\/\/archive.sana.sy\/es\/index.php?rest_route=\/wp\/v2\/media\/338820"}],"wp:attachment":[{"href":"https:\/\/archive.sana.sy\/es\/index.php?rest_route=%2Fwp%2Fv2%2Fmedia&parent=338819"}],"wp:term":[{"taxonomy":"category","embeddable":true,"href":"https:\/\/archive.sana.sy\/es\/index.php?rest_route=%2Fwp%2Fv2%2Fcategories&post=338819"},{"taxonomy":"post_tag","embeddable":true,"href":"https:\/\/archive.sana.sy\/es\/index.php?rest_route=%2Fwp%2Fv2%2Ftags&post=338819"}],"curies":[{"name":"wp","href":"https:\/\/api.w.org\/{rel}","templated":true}]}}