{"id":338823,"date":"2024-09-24T18:08:33","date_gmt":"2024-09-24T15:08:33","guid":{"rendered":"https:\/\/sana.sy\/es\/?p=338823"},"modified":"2024-09-24T18:12:24","modified_gmt":"2024-09-24T15:12:24","slug":"al-menos-seis-martires-y-15-heridos-en-ataque-israeli-contra-el-sur-de-beirut","status":"publish","type":"post","link":"https:\/\/archive.sana.sy\/es\/?p=338823","title":{"rendered":"Al menos seis m\u00e1rtires y 15 heridos en ataque israel\u00ed contra el sur de la capital libanesa"},"content":{"rendered":"<p style=\"text-align: justify\"><span style=\"color: #800000\"><strong>Beirut, 24 sep (SANA )<\/strong> <\/span>El Ministerio de Salud del L\u00edbano anunci\u00f3 que seis personas perdieron la vida y otras quince resultaron heridas, tras un ataque lanzado por el enemigo israel\u00ed contra la zona de Al-Ghobeiry en el suburbio sur de la capital libanesa Beirut, conocido como Dahiyeh Yanubieh.<\/p>\n<p style=\"text-align: justify\">Esta cifra podr\u00eda aumentar, seg\u00fan anunci\u00f3 la entidad p\u00fablica libanesa.<\/p>\n<p style=\"text-align: justify\">La aviaci\u00f3n israel\u00ed bombarde\u00f3 un edificio de 6 pisos en el \u00e1rea de Al-Ghobeiry, y caus\u00f3 afectaciones a 3 pisos del mismo. Inmediatamente acudieron ambulancias para transportar a los m\u00e1rtires y a los heridos.<\/p>\n<p style=\"text-align: justify\">\u201cIsrael\u201d contin\u00faa cometiendo masacres contra civiles indefensos en varias regiones del L\u00edbano, hecho que provoc\u00f3 hasta la fecha m\u00e1s de 500 m\u00e1rtires y centenares de heridos.<\/p>\n<p><img loading=\"lazy\" decoding=\"async\" class=\"aligncenter wp-image-338830 size-large\" src=\"http:\/\/sana.sy\/es\/wp-content\/uploads\/2024\/09\/edificio-1-576x1024.jpg\" alt=\"\" width=\"576\" height=\"1024\" srcset=\"https:\/\/archive.sana.sy\/es\/wp-content\/uploads\/2024\/09\/edificio-1-576x1024.jpg 576w, https:\/\/archive.sana.sy\/es\/wp-content\/uploads\/2024\/09\/edificio-1-169x300.jpg 169w, https:\/\/archive.sana.sy\/es\/wp-content\/uploads\/2024\/09\/edificio-1-84x150.jpg 84w, https:\/\/archive.sana.sy\/es\/wp-content\/uploads\/2024\/09\/edificio-1.jpg 720w\" sizes=\"(max-width: 576px) 100vw, 576px\" \/><\/p>\n<p style=\"text-align: justify\">la<\/p>\n","protected":false},"excerpt":{"rendered":"<p>Beirut, 24 sep (SANA ) El Ministerio de Salud del L\u00edbano anunci\u00f3 que seis personas perdieron la vida y otras quince resultaron heridas, tras un ataque lanzado por el enemigo israel\u00ed contra la zona de Al-Ghobeiry en el suburbio sur de la capital libanesa Beirut, conocido como Dahiyeh Yanubieh. Esta cifra podr\u00eda aumentar, seg\u00fan anunci\u00f3 &hellip;<\/p>\n","protected":false},"author":24,"featured_media":338824,"comment_status":"closed","ping_status":"closed","sticky":false,"template":"","format":"standard","meta":{"footnotes":""},"categories":[597,456,20724,7541],"tags":[],"class_list":["post-338823","post","type-post","status-publish","format-standard","has-post-thumbnail","","category-cinta-de-noticias","category-arabe-internacional-politica","category-minuto-a-minuto","category-ultimas-noticias"],"_links":{"self":[{"href":"https:\/\/archive.sana.sy\/es\/index.php?rest_route=\/wp\/v2\/posts\/338823"}],"collection":[{"href":"https:\/\/archive.sana.sy\/es\/index.php?rest_route=\/wp\/v2\/posts"}],"about":[{"href":"https:\/\/archive.sana.sy\/es\/index.php?rest_route=\/wp\/v2\/types\/post"}],"author":[{"embeddable":true,"href":"https:\/\/archive.sana.sy\/es\/index.php?rest_route=\/wp\/v2\/users\/24"}],"replies":[{"embeddable":true,"href":"https:\/\/archive.sana.sy\/es\/index.php?rest_route=%2Fwp%2Fv2%2Fcomments&post=338823"}],"version-history":[{"count":6,"href":"https:\/\/archive.sana.sy\/es\/index.php?rest_route=\/wp\/v2\/posts\/338823\/revisions"}],"predecessor-version":[{"id":338831,"href":"https:\/\/archive.sana.sy\/es\/index.php?rest_route=\/wp\/v2\/posts\/338823\/revisions\/338831"}],"wp:featuredmedia":[{"embeddable":true,"href":"https:\/\/archive.sana.sy\/es\/index.php?rest_route=\/wp\/v2\/media\/338824"}],"wp:attachment":[{"href":"https:\/\/archive.sana.sy\/es\/index.php?rest_route=%2Fwp%2Fv2%2Fmedia&parent=338823"}],"wp:term":[{"taxonomy":"category","embeddable":true,"href":"https:\/\/archive.sana.sy\/es\/index.php?rest_route=%2Fwp%2Fv2%2Fcategories&post=338823"},{"taxonomy":"post_tag","embeddable":true,"href":"https:\/\/archive.sana.sy\/es\/index.php?rest_route=%2Fwp%2Fv2%2Ftags&post=338823"}],"curies":[{"name":"wp","href":"https:\/\/api.w.org\/{rel}","templated":true}]}}