{"id":338843,"date":"2024-09-24T19:28:42","date_gmt":"2024-09-24T16:28:42","guid":{"rendered":"https:\/\/sana.sy\/es\/?p=338843"},"modified":"2024-09-25T06:21:59","modified_gmt":"2024-09-25T03:21:59","slug":"presidente-al-assad-se-reune-con-los-ministros-del-nuevo-gabinete","status":"publish","type":"post","link":"https:\/\/archive.sana.sy\/es\/?p=338843","title":{"rendered":"Presidente Al-Assad encabeza la primera reuni\u00f3n del nuevo gobierno (+ fotos)"},"content":{"rendered":"<p style=\"text-align: justify;\"><span style=\"color: #800000;\"><strong>Damasco, 25 sep (SANA) <\/strong><\/span>El presidente sirio Bashar Al-Assad, encabez\u00f3 la primera reuni\u00f3n del nuevo Gabinete, donde hizo una intervenci\u00f3n en la que esper\u00f3 que el nuevo Ejecutivo est\u00e9 a la altura de las grandes esperanzas de los ciudadanos sirios.<\/p>\n<p style=\"text-align: justify;\">Explic\u00f3 que el cambio no es un objetivo en s\u00ed mismo, sino m\u00e1s bien una herramienta y una nueva oportunidad de renovaci\u00f3n y para desarrollar y hacer avanzar la situaci\u00f3n general en el pa\u00eds<\/p>\n<p style=\"text-align: justify;\">\u201cEl primer desaf\u00edo que enfrenta cualquier nuevo gobierno es transformar las esperanzas de los ciudadanos para que no dependan de una persona sino de instituciones, pol\u00edticas y planes fruct\u00edferos resultantes de un di\u00e1logo efectivo dentro de los miembros del gobierno y con las instituciones gubernamentales y civiles, las organizaciones populares y con todos los segmentos de la sociedad\u201d, dijo Al-Assad.<\/p>\n<p style=\"text-align: justify;\">Aclar\u00f3 que las capacidades de Siria son limitadas y la guerra limit\u00f3 a\u00fan m\u00e1s estos recursos, pero el problema radica en la gesti\u00f3n de los recursos, ya sean materiales o humanos.<\/p>\n<p style=\"text-align: justify;\"><img loading=\"lazy\" decoding=\"async\" class=\"wp-image-338882 alignleft\" src=\"http:\/\/sana.sy\/es\/wp-content\/uploads\/2024\/09\/EWEWE.jpg\" alt=\"\" width=\"359\" height=\"204\" srcset=\"https:\/\/archive.sana.sy\/es\/wp-content\/uploads\/2024\/09\/EWEWE.jpg 626w, https:\/\/archive.sana.sy\/es\/wp-content\/uploads\/2024\/09\/EWEWE-300x171.jpg 300w, https:\/\/archive.sana.sy\/es\/wp-content\/uploads\/2024\/09\/EWEWE-150x85.jpg 150w\" sizes=\"(max-width: 359px) 100vw, 359px\" \/>Al-Assad asegur\u00f3 que el sistema actual, especialmente el sistema administrativo y econ\u00f3mico, no puede continuar.<\/p>\n<p style=\"text-align: justify;\">\u201cHoy, la mayor\u00eda de los pa\u00edses del mundo se mueven hacia una direcci\u00f3n, y creo que muy pocos pa\u00edses adoptan sistemas similares al nuestro. Esto significa simplemente que nos estamos moviendo en otra direcci\u00f3n&#8230; No puede ser que la mayor\u00eda o la abrumadora mayor\u00eda de los pa\u00edses del mundo est\u00e9n en la direcci\u00f3n equivocada y nosotros solos en la direcci\u00f3n correcta&#8230; y los resultados comprueban esto&#8230; y no me refiero a los resultados durante la guerra en general, me refiero a d\u00e9cadas de este sistema administrativo y econ\u00f3mico\u201d, asegur\u00f3 el gobernante.<\/p>\n<p style=\"text-align: justify;\">Agreg\u00f3 que \u201cla raz\u00f3n de este retraso no es nueva sino de antes de la guerra e incluso mucho antes&#8230;En la sociedad, ten\u00edamos en general una precepci\u00f3n general de que el sistema es bueno y que cualquier defecto en la gesti\u00f3n se debe a las personas, por eso basamos nuestras esperanzas en cambiar a las personas y no en cambiar el sistema\u201d.<\/p>\n<p style=\"text-align: justify;\">Al final, el mandatario sirio dijo a los ministros que \u201choy, comienzan el desempe\u00f1o de sus misiones en medio de una feroz agresi\u00f3n de los sionistas contra nuestros hermanos en el L\u00edbano&#8230; son cr\u00edmenes sin l\u00edmites y dif\u00edciles de describir o hablar\u2026 En las primeras horas de su trabajo, la tarea principal ahora y en esos d\u00edas, y antes de cualquier otro tarea, debe ser el \u00bfc\u00f3mo podemos apoyar a nuestros hermanos del L\u00edbano en todos los campos y en todos los sectores?\u201d<\/p>\n<p style=\"text-align: justify;\">Anteriormente a la reuni\u00f3nn, los ministros hab\u00edan prestado juramento ante el mandatario sirio.<\/p>\n<div id='gallery-1' class='gallery galleryid-338843 gallery-columns-1 gallery-size-full'><figure class='gallery-item'>\n\t\t\t<div class='gallery-icon landscape'>\n\t\t\t\t<a href='https:\/\/archive.sana.sy\/es\/wp-content\/uploads\/2024\/09\/presidente-nuevo-gabinete-19.jpg'><img loading=\"lazy\" decoding=\"async\" width=\"1280\" height=\"914\" src=\"https:\/\/archive.sana.sy\/es\/wp-content\/uploads\/2024\/09\/presidente-nuevo-gabinete-19.jpg\" class=\"attachment-full size-full\" alt=\"\" srcset=\"https:\/\/archive.sana.sy\/es\/wp-content\/uploads\/2024\/09\/presidente-nuevo-gabinete-19.jpg 1280w, https:\/\/archive.sana.sy\/es\/wp-content\/uploads\/2024\/09\/presidente-nuevo-gabinete-19-300x214.jpg 300w, https:\/\/archive.sana.sy\/es\/wp-content\/uploads\/2024\/09\/presidente-nuevo-gabinete-19-1024x731.jpg 1024w, https:\/\/archive.sana.sy\/es\/wp-content\/uploads\/2024\/09\/presidente-nuevo-gabinete-19-150x107.jpg 150w, https:\/\/archive.sana.sy\/es\/wp-content\/uploads\/2024\/09\/presidente-nuevo-gabinete-19-768x548.jpg 768w\" sizes=\"(max-width: 1280px) 100vw, 1280px\" \/><\/a>\n\t\t\t<\/div><\/figure><figure class='gallery-item'>\n\t\t\t<div class='gallery-icon landscape'>\n\t\t\t\t<a href='https:\/\/archive.sana.sy\/es\/wp-content\/uploads\/2024\/09\/presidente-nuevo-gabinete-18.jpg'><img loading=\"lazy\" decoding=\"async\" width=\"1280\" height=\"914\" src=\"https:\/\/archive.sana.sy\/es\/wp-content\/uploads\/2024\/09\/presidente-nuevo-gabinete-18.jpg\" class=\"attachment-full size-full\" alt=\"\" srcset=\"https:\/\/archive.sana.sy\/es\/wp-content\/uploads\/2024\/09\/presidente-nuevo-gabinete-18.jpg 1280w, https:\/\/archive.sana.sy\/es\/wp-content\/uploads\/2024\/09\/presidente-nuevo-gabinete-18-300x214.jpg 300w, https:\/\/archive.sana.sy\/es\/wp-content\/uploads\/2024\/09\/presidente-nuevo-gabinete-18-1024x731.jpg 1024w, https:\/\/archive.sana.sy\/es\/wp-content\/uploads\/2024\/09\/presidente-nuevo-gabinete-18-150x107.jpg 150w, https:\/\/archive.sana.sy\/es\/wp-content\/uploads\/2024\/09\/presidente-nuevo-gabinete-18-768x548.jpg 768w\" sizes=\"(max-width: 1280px) 100vw, 1280px\" \/><\/a>\n\t\t\t<\/div><\/figure><figure class='gallery-item'>\n\t\t\t<div class='gallery-icon landscape'>\n\t\t\t\t<a href='https:\/\/archive.sana.sy\/es\/wp-content\/uploads\/2024\/09\/presidente-nuevo-gabinete-17.jpg'><img loading=\"lazy\" decoding=\"async\" width=\"1280\" height=\"668\" src=\"https:\/\/archive.sana.sy\/es\/wp-content\/uploads\/2024\/09\/presidente-nuevo-gabinete-17.jpg\" class=\"attachment-full size-full\" alt=\"\" srcset=\"https:\/\/archive.sana.sy\/es\/wp-content\/uploads\/2024\/09\/presidente-nuevo-gabinete-17.jpg 1280w, https:\/\/archive.sana.sy\/es\/wp-content\/uploads\/2024\/09\/presidente-nuevo-gabinete-17-300x157.jpg 300w, https:\/\/archive.sana.sy\/es\/wp-content\/uploads\/2024\/09\/presidente-nuevo-gabinete-17-1024x534.jpg 1024w, https:\/\/archive.sana.sy\/es\/wp-content\/uploads\/2024\/09\/presidente-nuevo-gabinete-17-150x78.jpg 150w, https:\/\/archive.sana.sy\/es\/wp-content\/uploads\/2024\/09\/presidente-nuevo-gabinete-17-768x401.jpg 768w\" sizes=\"(max-width: 1280px) 100vw, 1280px\" \/><\/a>\n\t\t\t<\/div><\/figure><figure class='gallery-item'>\n\t\t\t<div class='gallery-icon landscape'>\n\t\t\t\t<a href='https:\/\/archive.sana.sy\/es\/wp-content\/uploads\/2024\/09\/presidente-nuevo-gabinete-16.jpg'><img loading=\"lazy\" decoding=\"async\" width=\"1280\" height=\"813\" src=\"https:\/\/archive.sana.sy\/es\/wp-content\/uploads\/2024\/09\/presidente-nuevo-gabinete-16.jpg\" class=\"attachment-full size-full\" alt=\"\" srcset=\"https:\/\/archive.sana.sy\/es\/wp-content\/uploads\/2024\/09\/presidente-nuevo-gabinete-16.jpg 1280w, https:\/\/archive.sana.sy\/es\/wp-content\/uploads\/2024\/09\/presidente-nuevo-gabinete-16-300x191.jpg 300w, https:\/\/archive.sana.sy\/es\/wp-content\/uploads\/2024\/09\/presidente-nuevo-gabinete-16-1024x650.jpg 1024w, https:\/\/archive.sana.sy\/es\/wp-content\/uploads\/2024\/09\/presidente-nuevo-gabinete-16-150x95.jpg 150w, https:\/\/archive.sana.sy\/es\/wp-content\/uploads\/2024\/09\/presidente-nuevo-gabinete-16-768x488.jpg 768w\" sizes=\"(max-width: 1280px) 100vw, 1280px\" \/><\/a>\n\t\t\t<\/div><\/figure><figure class='gallery-item'>\n\t\t\t<div class='gallery-icon landscape'>\n\t\t\t\t<a href='https:\/\/archive.sana.sy\/es\/wp-content\/uploads\/2024\/09\/presidente-nuevo-gabinete-15.jpg'><img loading=\"lazy\" decoding=\"async\" width=\"1280\" height=\"797\" src=\"https:\/\/archive.sana.sy\/es\/wp-content\/uploads\/2024\/09\/presidente-nuevo-gabinete-15.jpg\" class=\"attachment-full size-full\" alt=\"\" srcset=\"https:\/\/archive.sana.sy\/es\/wp-content\/uploads\/2024\/09\/presidente-nuevo-gabinete-15.jpg 1280w, https:\/\/archive.sana.sy\/es\/wp-content\/uploads\/2024\/09\/presidente-nuevo-gabinete-15-300x187.jpg 300w, https:\/\/archive.sana.sy\/es\/wp-content\/uploads\/2024\/09\/presidente-nuevo-gabinete-15-1024x638.jpg 1024w, https:\/\/archive.sana.sy\/es\/wp-content\/uploads\/2024\/09\/presidente-nuevo-gabinete-15-150x93.jpg 150w, https:\/\/archive.sana.sy\/es\/wp-content\/uploads\/2024\/09\/presidente-nuevo-gabinete-15-768x478.jpg 768w\" sizes=\"(max-width: 1280px) 100vw, 1280px\" \/><\/a>\n\t\t\t<\/div><\/figure><figure class='gallery-item'>\n\t\t\t<div class='gallery-icon landscape'>\n\t\t\t\t<a href='https:\/\/archive.sana.sy\/es\/wp-content\/uploads\/2024\/09\/presidente-nuevo-gabinete-14.jpg'><img loading=\"lazy\" decoding=\"async\" width=\"1280\" height=\"713\" src=\"https:\/\/archive.sana.sy\/es\/wp-content\/uploads\/2024\/09\/presidente-nuevo-gabinete-14.jpg\" class=\"attachment-full size-full\" alt=\"\" srcset=\"https:\/\/archive.sana.sy\/es\/wp-content\/uploads\/2024\/09\/presidente-nuevo-gabinete-14.jpg 1280w, https:\/\/archive.sana.sy\/es\/wp-content\/uploads\/2024\/09\/presidente-nuevo-gabinete-14-300x167.jpg 300w, https:\/\/archive.sana.sy\/es\/wp-content\/uploads\/2024\/09\/presidente-nuevo-gabinete-14-1024x570.jpg 1024w, https:\/\/archive.sana.sy\/es\/wp-content\/uploads\/2024\/09\/presidente-nuevo-gabinete-14-150x84.jpg 150w, https:\/\/archive.sana.sy\/es\/wp-content\/uploads\/2024\/09\/presidente-nuevo-gabinete-14-768x428.jpg 768w\" sizes=\"(max-width: 1280px) 100vw, 1280px\" \/><\/a>\n\t\t\t<\/div><\/figure><figure class='gallery-item'>\n\t\t\t<div class='gallery-icon landscape'>\n\t\t\t\t<a href='https:\/\/archive.sana.sy\/es\/wp-content\/uploads\/2024\/09\/presidente-nuevo-gabinete-13.jpg'><img loading=\"lazy\" decoding=\"async\" width=\"1280\" height=\"632\" src=\"https:\/\/archive.sana.sy\/es\/wp-content\/uploads\/2024\/09\/presidente-nuevo-gabinete-13.jpg\" class=\"attachment-full size-full\" alt=\"\" srcset=\"https:\/\/archive.sana.sy\/es\/wp-content\/uploads\/2024\/09\/presidente-nuevo-gabinete-13.jpg 1280w, https:\/\/archive.sana.sy\/es\/wp-content\/uploads\/2024\/09\/presidente-nuevo-gabinete-13-300x148.jpg 300w, https:\/\/archive.sana.sy\/es\/wp-content\/uploads\/2024\/09\/presidente-nuevo-gabinete-13-1024x506.jpg 1024w, https:\/\/archive.sana.sy\/es\/wp-content\/uploads\/2024\/09\/presidente-nuevo-gabinete-13-150x74.jpg 150w, https:\/\/archive.sana.sy\/es\/wp-content\/uploads\/2024\/09\/presidente-nuevo-gabinete-13-768x379.jpg 768w\" sizes=\"(max-width: 1280px) 100vw, 1280px\" \/><\/a>\n\t\t\t<\/div><\/figure><figure class='gallery-item'>\n\t\t\t<div class='gallery-icon landscape'>\n\t\t\t\t<a href='https:\/\/archive.sana.sy\/es\/wp-content\/uploads\/2024\/09\/presidente-nuevo-gabinete-12.jpg'><img loading=\"lazy\" decoding=\"async\" width=\"1280\" height=\"713\" src=\"https:\/\/archive.sana.sy\/es\/wp-content\/uploads\/2024\/09\/presidente-nuevo-gabinete-12.jpg\" class=\"attachment-full size-full\" alt=\"\" srcset=\"https:\/\/archive.sana.sy\/es\/wp-content\/uploads\/2024\/09\/presidente-nuevo-gabinete-12.jpg 1280w, https:\/\/archive.sana.sy\/es\/wp-content\/uploads\/2024\/09\/presidente-nuevo-gabinete-12-300x167.jpg 300w, https:\/\/archive.sana.sy\/es\/wp-content\/uploads\/2024\/09\/presidente-nuevo-gabinete-12-1024x570.jpg 1024w, https:\/\/archive.sana.sy\/es\/wp-content\/uploads\/2024\/09\/presidente-nuevo-gabinete-12-150x84.jpg 150w, https:\/\/archive.sana.sy\/es\/wp-content\/uploads\/2024\/09\/presidente-nuevo-gabinete-12-768x428.jpg 768w\" sizes=\"(max-width: 1280px) 100vw, 1280px\" \/><\/a>\n\t\t\t<\/div><\/figure><figure class='gallery-item'>\n\t\t\t<div class='gallery-icon landscape'>\n\t\t\t\t<a href='https:\/\/archive.sana.sy\/es\/wp-content\/uploads\/2024\/09\/presidente-nuevo-gabinete-11.jpg'><img loading=\"lazy\" decoding=\"async\" width=\"1280\" height=\"663\" src=\"https:\/\/archive.sana.sy\/es\/wp-content\/uploads\/2024\/09\/presidente-nuevo-gabinete-11.jpg\" class=\"attachment-full size-full\" alt=\"\" srcset=\"https:\/\/archive.sana.sy\/es\/wp-content\/uploads\/2024\/09\/presidente-nuevo-gabinete-11.jpg 1280w, https:\/\/archive.sana.sy\/es\/wp-content\/uploads\/2024\/09\/presidente-nuevo-gabinete-11-300x155.jpg 300w, https:\/\/archive.sana.sy\/es\/wp-content\/uploads\/2024\/09\/presidente-nuevo-gabinete-11-1024x530.jpg 1024w, https:\/\/archive.sana.sy\/es\/wp-content\/uploads\/2024\/09\/presidente-nuevo-gabinete-11-150x78.jpg 150w, https:\/\/archive.sana.sy\/es\/wp-content\/uploads\/2024\/09\/presidente-nuevo-gabinete-11-768x398.jpg 768w\" sizes=\"(max-width: 1280px) 100vw, 1280px\" \/><\/a>\n\t\t\t<\/div><\/figure><figure class='gallery-item'>\n\t\t\t<div class='gallery-icon landscape'>\n\t\t\t\t<a href='https:\/\/archive.sana.sy\/es\/wp-content\/uploads\/2024\/09\/presidente-nuevo-gabinete-20.jpg'><img loading=\"lazy\" decoding=\"async\" width=\"1200\" height=\"800\" src=\"https:\/\/archive.sana.sy\/es\/wp-content\/uploads\/2024\/09\/presidente-nuevo-gabinete-20.jpg\" class=\"attachment-full size-full\" alt=\"\" srcset=\"https:\/\/archive.sana.sy\/es\/wp-content\/uploads\/2024\/09\/presidente-nuevo-gabinete-20.jpg 1200w, https:\/\/archive.sana.sy\/es\/wp-content\/uploads\/2024\/09\/presidente-nuevo-gabinete-20-300x200.jpg 300w, https:\/\/archive.sana.sy\/es\/wp-content\/uploads\/2024\/09\/presidente-nuevo-gabinete-20-1024x683.jpg 1024w, https:\/\/archive.sana.sy\/es\/wp-content\/uploads\/2024\/09\/presidente-nuevo-gabinete-20-150x100.jpg 150w, https:\/\/archive.sana.sy\/es\/wp-content\/uploads\/2024\/09\/presidente-nuevo-gabinete-20-768x512.jpg 768w\" sizes=\"(max-width: 1200px) 100vw, 1200px\" \/><\/a>\n\t\t\t<\/div><\/figure><figure class='gallery-item'>\n\t\t\t<div class='gallery-icon landscape'>\n\t\t\t\t<a href='https:\/\/archive.sana.sy\/es\/wp-content\/uploads\/2024\/09\/presidente-4.jpg'><img loading=\"lazy\" decoding=\"async\" width=\"1200\" height=\"863\" src=\"https:\/\/archive.sana.sy\/es\/wp-content\/uploads\/2024\/09\/presidente-4.jpg\" class=\"attachment-full size-full\" alt=\"\" srcset=\"https:\/\/archive.sana.sy\/es\/wp-content\/uploads\/2024\/09\/presidente-4.jpg 1200w, https:\/\/archive.sana.sy\/es\/wp-content\/uploads\/2024\/09\/presidente-4-300x216.jpg 300w, https:\/\/archive.sana.sy\/es\/wp-content\/uploads\/2024\/09\/presidente-4-1024x736.jpg 1024w, https:\/\/archive.sana.sy\/es\/wp-content\/uploads\/2024\/09\/presidente-4-150x108.jpg 150w, https:\/\/archive.sana.sy\/es\/wp-content\/uploads\/2024\/09\/presidente-4-768x552.jpg 768w\" sizes=\"(max-width: 1200px) 100vw, 1200px\" \/><\/a>\n\t\t\t<\/div><\/figure><figure class='gallery-item'>\n\t\t\t<div class='gallery-icon portrait'>\n\t\t\t\t<a href='https:\/\/archive.sana.sy\/es\/wp-content\/uploads\/2024\/09\/presidente-1.jpg'><img loading=\"lazy\" decoding=\"async\" width=\"1200\" height=\"1667\" src=\"https:\/\/archive.sana.sy\/es\/wp-content\/uploads\/2024\/09\/presidente-1.jpg\" class=\"attachment-full size-full\" alt=\"\" srcset=\"https:\/\/archive.sana.sy\/es\/wp-content\/uploads\/2024\/09\/presidente-1.jpg 1200w, https:\/\/archive.sana.sy\/es\/wp-content\/uploads\/2024\/09\/presidente-1-216x300.jpg 216w, https:\/\/archive.sana.sy\/es\/wp-content\/uploads\/2024\/09\/presidente-1-737x1024.jpg 737w, https:\/\/archive.sana.sy\/es\/wp-content\/uploads\/2024\/09\/presidente-1-108x150.jpg 108w, https:\/\/archive.sana.sy\/es\/wp-content\/uploads\/2024\/09\/presidente-1-768x1067.jpg 768w, https:\/\/archive.sana.sy\/es\/wp-content\/uploads\/2024\/09\/presidente-1-1106x1536.jpg 1106w\" sizes=\"(max-width: 1200px) 100vw, 1200px\" \/><\/a>\n\t\t\t<\/div><\/figure><figure class='gallery-item'>\n\t\t\t<div class='gallery-icon portrait'>\n\t\t\t\t<a href='https:\/\/archive.sana.sy\/es\/wp-content\/uploads\/2024\/09\/presidente-3.jpg'><img loading=\"lazy\" decoding=\"async\" width=\"1200\" height=\"1623\" src=\"https:\/\/archive.sana.sy\/es\/wp-content\/uploads\/2024\/09\/presidente-3.jpg\" class=\"attachment-full size-full\" alt=\"\" srcset=\"https:\/\/archive.sana.sy\/es\/wp-content\/uploads\/2024\/09\/presidente-3.jpg 1200w, https:\/\/archive.sana.sy\/es\/wp-content\/uploads\/2024\/09\/presidente-3-222x300.jpg 222w, https:\/\/archive.sana.sy\/es\/wp-content\/uploads\/2024\/09\/presidente-3-757x1024.jpg 757w, https:\/\/archive.sana.sy\/es\/wp-content\/uploads\/2024\/09\/presidente-3-111x150.jpg 111w, https:\/\/archive.sana.sy\/es\/wp-content\/uploads\/2024\/09\/presidente-3-768x1039.jpg 768w, https:\/\/archive.sana.sy\/es\/wp-content\/uploads\/2024\/09\/presidente-3-1136x1536.jpg 1136w\" sizes=\"(max-width: 1200px) 100vw, 1200px\" \/><\/a>\n\t\t\t<\/div><\/figure><figure class='gallery-item'>\n\t\t\t<div class='gallery-icon landscape'>\n\t\t\t\t<a href='https:\/\/archive.sana.sy\/es\/wp-content\/uploads\/2024\/09\/presidente-2.jpg'><img loading=\"lazy\" decoding=\"async\" width=\"1200\" height=\"518\" src=\"https:\/\/archive.sana.sy\/es\/wp-content\/uploads\/2024\/09\/presidente-2.jpg\" class=\"attachment-full size-full\" alt=\"\" srcset=\"https:\/\/archive.sana.sy\/es\/wp-content\/uploads\/2024\/09\/presidente-2.jpg 1200w, https:\/\/archive.sana.sy\/es\/wp-content\/uploads\/2024\/09\/presidente-2-300x130.jpg 300w, https:\/\/archive.sana.sy\/es\/wp-content\/uploads\/2024\/09\/presidente-2-1024x442.jpg 1024w, https:\/\/archive.sana.sy\/es\/wp-content\/uploads\/2024\/09\/presidente-2-150x65.jpg 150w, https:\/\/archive.sana.sy\/es\/wp-content\/uploads\/2024\/09\/presidente-2-768x332.jpg 768w\" sizes=\"(max-width: 1200px) 100vw, 1200px\" \/><\/a>\n\t\t\t<\/div><\/figure>\n\t\t<\/div>\n\n<p style=\"text-align: justify;\">\n","protected":false},"excerpt":{"rendered":"<p>Damasco, 25 sep (SANA) El presidente sirio Bashar Al-Assad, encabez\u00f3 la primera reuni\u00f3n del nuevo Gabinete, donde hizo una intervenci\u00f3n en la que esper\u00f3 que el nuevo Ejecutivo est\u00e9 a la altura de las grandes esperanzas de los ciudadanos sirios. Explic\u00f3 que el cambio no es un objetivo en s\u00ed mismo, sino m\u00e1s bien una &hellip;<\/p>\n","protected":false},"author":24,"featured_media":338881,"comment_status":"closed","ping_status":"closed","sticky":false,"template":"","format":"standard","meta":{"footnotes":""},"categories":[447,477,597,20724,476,16237,583,626],"tags":[],"class_list":["post-338843","post","type-post","status-publish","format-standard","has-post-thumbnail","","category-local-politica","category-noticias-edulcorantes","category-cinta-de-noticias","category-minuto-a-minuto","category-locales","category-presidence-de-la-republique-arabe-syria","category-slide","category-sr-presidente"],"_links":{"self":[{"href":"https:\/\/archive.sana.sy\/es\/index.php?rest_route=\/wp\/v2\/posts\/338843"}],"collection":[{"href":"https:\/\/archive.sana.sy\/es\/index.php?rest_route=\/wp\/v2\/posts"}],"about":[{"href":"https:\/\/archive.sana.sy\/es\/index.php?rest_route=\/wp\/v2\/types\/post"}],"author":[{"embeddable":true,"href":"https:\/\/archive.sana.sy\/es\/index.php?rest_route=\/wp\/v2\/users\/24"}],"replies":[{"embeddable":true,"href":"https:\/\/archive.sana.sy\/es\/index.php?rest_route=%2Fwp%2Fv2%2Fcomments&post=338843"}],"version-history":[{"count":9,"href":"https:\/\/archive.sana.sy\/es\/index.php?rest_route=\/wp\/v2\/posts\/338843\/revisions"}],"predecessor-version":[{"id":338885,"href":"https:\/\/archive.sana.sy\/es\/index.php?rest_route=\/wp\/v2\/posts\/338843\/revisions\/338885"}],"wp:featuredmedia":[{"embeddable":true,"href":"https:\/\/archive.sana.sy\/es\/index.php?rest_route=\/wp\/v2\/media\/338881"}],"wp:attachment":[{"href":"https:\/\/archive.sana.sy\/es\/index.php?rest_route=%2Fwp%2Fv2%2Fmedia&parent=338843"}],"wp:term":[{"taxonomy":"category","embeddable":true,"href":"https:\/\/archive.sana.sy\/es\/index.php?rest_route=%2Fwp%2Fv2%2Fcategories&post=338843"},{"taxonomy":"post_tag","embeddable":true,"href":"https:\/\/archive.sana.sy\/es\/index.php?rest_route=%2Fwp%2Fv2%2Ftags&post=338843"}],"curies":[{"name":"wp","href":"https:\/\/api.w.org\/{rel}","templated":true}]}}