{"id":338868,"date":"2024-09-24T21:34:59","date_gmt":"2024-09-24T18:34:59","guid":{"rendered":"https:\/\/sana.sy\/es\/?p=338868"},"modified":"2024-09-24T21:42:51","modified_gmt":"2024-09-24T18:42:51","slug":"los-curriculos-de-los-ministros-del-nuevo-gabinete","status":"publish","type":"post","link":"https:\/\/archive.sana.sy\/es\/?p=338868","title":{"rendered":"Los curr\u00edculos de los ministros del nuevo Gabinete"},"content":{"rendered":"<p style=\"text-align: justify\"><span style=\"color: #800000\"><strong>Damasco, 24 sep (SANA)<\/strong><\/span><\/p>\n<p style=\"text-align: justify\"><strong>Dr. Muhammad Ghazi Al-Jalali &#8211; Primer Ministro<\/strong><\/p>\n<p style=\"text-align: justify\">Naci\u00f3 en Damasco en 1969.<\/p>\n<p style=\"text-align: justify\">Ostent\u00f3 el cargo del Ministro de Comunicaciones y Tecnolog\u00eda desde agosto de 2014 hasta julio de 2016, Ministro Adjunto de Comunicaciones y Tecnolog\u00eda desde mayo de 2008 hasta agosto de 2014, Profesor Asociado y Presidente de la Universidad Privada Siria (SPU) desde septiembre de 2023, y Presidente de la Junta de Fideicomisarios de Arab Quality Makers desde abril de 2019.<\/p>\n<p style=\"text-align: justify\">El Dr. Al-Jalali tiene un doctorado en ingenier\u00eda econ\u00f3mica de la Universidad Ain Shams de El Cairo en 2000, una Maestr\u00eda en Ciencias en ingenier\u00eda civil de la Universidad Ain Shams de El Cairo en 1997, un diploma de posgrado en ingenier\u00eda civil de la Universidad de Damasco en 1994, y una licenciatura en ingenier\u00eda civil de la Facultad de Ingenier\u00eda Civil de la Universidad de Damasco en 1992.<\/p>\n<p style=\"text-align: justify\"><strong>Mohamed Abdel Sattar Al-Sayed &#8211; Ministro de Awqaf<\/strong><\/p>\n<p style=\"text-align: justify\">Naci\u00f3 en la provincia costera de Tartous en 1958.<\/p>\n<p style=\"text-align: justify\">Tiene una licenciatura en econom\u00eda y comercio de la Universidad de Damasco en 1983, una maestr\u00eda de la Universidad de Estudios Isl\u00e1micos en 1997 y un doctorado en ijtihad grupal y consejos de jurisprudencia contempor\u00e1nea en 2000 de la Universidad de Estudios Isl\u00e1micos.<\/p>\n<p style=\"text-align: justify\">Se desempe\u00f1\u00f3 como Director de Awqaf de la provincia de Tartous y Mufti de la misma provincia de 1985 a 2002, y Asistente del Ministro de Awqaf para Asuntos Religiosos en 2002, y fue Ministro de Dotaciones desde 2007.<\/p>\n<p style=\"text-align: justify\"><strong>Dra. Salam Safaf &#8211; Ministra de Desarrollo Administrativo<\/strong><\/p>\n<p style=\"text-align: justify\">Nacida en Hama en 1979.<\/p>\n<p style=\"text-align: justify\">Tiene un doctorado en ciencias pol\u00edticas de Francia en 2010, una maestr\u00eda en relaciones internacionales de la Facultad de Econom\u00eda de la Universidad de Damasco y una maestr\u00eda profesional en administraci\u00f3n p\u00fablica del Instituto Nacional de Administraci\u00f3n P\u00fablica.<\/p>\n<p style=\"text-align: justify\">Ostent\u00f3 el cargo de la Subsecretaria de Desarrollo Administrativo y luego Ministra de Desarrollo Administrativo desde 2017.<\/p>\n<p style=\"text-align: justify\"><strong>Dr. Muhammad Samer Al-Khalil &#8211; Ministro de Industria<\/strong><\/p>\n<p style=\"text-align: justify\">Nacido en Damasco en 1977.<\/p>\n<p style=\"text-align: justify\">Fue ministro adjunto de Econom\u00eda y Comercio Exterior desde 2015. Ocup\u00f3 las funciones de Director General de la Organizaci\u00f3n General de Ferias y Mercados Internacionales y fue miembro del personal docente de la Universidad de Damasco.<\/p>\n<p style=\"text-align: justify\">Fue Ministro de Econom\u00eda y Comercio Exterior desde 2017 hasta su nombramiento como Ministro de Industria en 2024.<\/p>\n<p style=\"text-align: justify\"><strong>Mayor General Muhammad Khaled Al-Rahmoun &#8211; Ministro del Interior<\/strong><\/p>\n<p style=\"text-align: justify\">Nacido en Idlib en 1957. Ocup\u00f3 varios cargos militares, incluido el de jefe de la Divisi\u00f3n de Seguridad Pol\u00edtica.<\/p>\n<p style=\"text-align: justify\">Es Ministro del Interior desde 2018.<\/p>\n<p style=\"text-align: justify\"><strong>Ingeniero Mohamad Rami Martini &#8211; Ministro de Turismo<\/strong><\/p>\n<p style=\"text-align: justify\">Nacido en la provincia septentrional de Alepo en 1970.<\/p>\n<p style=\"text-align: justify\">Tiene una licenciatura en ingenier\u00eda civil de la Universidad de Alepo.<\/p>\n<p style=\"text-align: justify\">Ocup\u00f3 varios cargos administrativos, incluido el de vicepresidente de la Federaci\u00f3n de C\u00e1maras de Turismo de Siria, y presidente del Consejo de la Federaci\u00f3n de C\u00e1maras de Turismo de Siria desde 2008 a 2016, del Ministro adjunto de Turismo y luego titular de Turismo desde 2018.<\/p>\n<p style=\"text-align: justify\"><strong>General de Divisi\u00f3n, Ali Mahmoud Abbas &#8211; Ministro de Defensa<\/strong><\/p>\n<p style=\"text-align: justify\">Nacido en la provincia de Damasco-campo en 1964.<\/p>\n<p style=\"text-align: justify\">Ingres\u00f3 en la Academia Militar en 1983, especialidad veh\u00edculos blindados.<\/p>\n<p style=\"text-align: justify\">Se gradu\u00f3 con el rango de teniente en 1985, y luego fue ascendido al rango de Mayor General en 2018.<\/p>\n<p style=\"text-align: justify\">Ocup\u00f3 varios puestos de liderazgo, el \u00faltimo de los cuales fue Subjefe del Estado Mayor en 2021.<\/p>\n<p style=\"text-align: justify\">Recibi\u00f3 varias Condecoraciones, entre ellas, la Orden de Valent\u00eda, grado excelente, y la Orden de la Fidelidad, grado excelente.<\/p>\n<p style=\"text-align: justify\"><strong>Iyad Mohammed Khatib- <\/strong><strong>Ministro de Comunicaciones y Tecnolog\u00eda<\/strong><\/p>\n<p style=\"text-align: justify\">Naci\u00f3 en Damasco en 1974.<\/p>\n<p style=\"text-align: justify\">Es licenciado en Ingenier\u00eda de Telecomunicaciones de la Universidad de Damasco.<\/p>\n<p style=\"text-align: justify\">Ocup\u00f3 varios cargos administrativos, entre ellos, director general ejecutivo de la Compa\u00f1\u00eda de Telecomunicaciones Siria. Ministro de Comunicaciones y Tecnolog\u00eda desde 2018.<\/p>\n<p style=\"text-align: justify\"><strong>Ahmad Sayed- <\/strong><strong>Ministro de Justicia<\/strong><\/p>\n<p style=\"text-align: justify\">Naci\u00f3 en Quneitra en 1965. Graduado de la Facultad de Derecho de la Universidad de Damasco en 1994.<\/p>\n<p style=\"text-align: justify\">Ocup\u00f3 varios cargos entre ellos, primer juez de instrucci\u00f3n, juez de instrucci\u00f3n financiero, Procurador General y asesor de la Corte de Casaci\u00f3n.<\/p>\n<p style=\"text-align: justify\">Ostenta la cartera de Justicia desde 2020.<\/p>\n<p style=\"text-align: justify\"><strong>Zuhair Khazim-<\/strong> <strong>Ministro de Transporte<\/strong><\/p>\n<p style=\"text-align: justify\">Naci\u00f3 en Latakia en 1963.<\/p>\n<p style=\"text-align: justify\">Tiene un diploma en ingenier\u00eda civil de la Universidad de Talinin en la Federaci\u00f3n Rusa (Uni\u00f3n Sovi\u00e9tica) en 1987.<\/p>\n<p style=\"text-align: justify\">Ocup\u00f3 varios cargos entre ellos, Ingeniero de Ejecuci\u00f3n y Supervisi\u00f3n en la Corporaci\u00f3n Estatal de Agua Potable y Saneamiento en la Provincia de Latakia.<\/p>\n<p style=\"text-align: justify\">Fue el Director General de la Empresa de Vivienda Militar desde 2017.<\/p>\n<p style=\"text-align: justify\">Es el Ministro de Transporte desde 2020.<\/p>\n<p style=\"text-align: justify\"><strong>Diala Barakat- Ministra de Cultura<\/strong><\/p>\n<p style=\"text-align: justify\">Tiene un doctorado en arqueolog\u00eda de la Universidad de Roma III en Italia, y un diploma en antig\u00fcedades cl\u00e1sicas de la Universidad de Damasco.<\/p>\n<p style=\"text-align: justify\">Habla con fluidez los idiomas italiano, franc\u00e9s e ingl\u00e9s.<\/p>\n<p style=\"text-align: justify\">Trabaj\u00f3 como subdirectora del Departamento de Antig\u00fcedades de Homs.<\/p>\n<p style=\"text-align: justify\">Ocup\u00f3 el cargo de Ministra de Estado para Asuntos de Desarrollo de la Regi\u00f3n Sur desde 2021.<\/p>\n<p style=\"text-align: justify\"><strong>Dr. Firas Hassan Qaddour &#8211; Ministro de Petr\u00f3leo y Recursos Minerales<\/strong><\/p>\n<p style=\"text-align: justify\">Nacido en la provincia de Damasco-campo en 1962.<\/p>\n<p style=\"text-align: justify\">Tiene un doctorado en ingenier\u00eda mec\u00e1nica, y especializado en tecnolog\u00eda de construcci\u00f3n de maquinaria.<\/p>\n<p style=\"text-align: justify\">Ocup\u00f3 el cargo del Director General de la Compa\u00f1\u00eda Petrolera Siria hasta la fecha.<\/p>\n<p style=\"text-align: justify\">Asimismo se desempe\u00f1\u00f3 como Presidente de la Junta Directiva y Gerente General de Al-Furat Oil Company en 2015.<\/p>\n<p style=\"text-align: justify\"><strong>Louay Imad Al-Munayed &#8211; Ministro de Comercio Interior y Protecci\u00f3n del Consumidor<\/strong><\/p>\n<p style=\"text-align: justify\">Trabaj\u00f3 como asesor de la Presidencia del Consejo de Ministros y de estudios del Comit\u00e9 Econ\u00f3mico.<\/p>\n<p style=\"text-align: justify\">Miembro del Consejo Asesor del Ministerio de Transporte y fundador de la gesti\u00f3n de la compartividad entre los sectores P\u00fablico y Privado.<\/p>\n<p style=\"text-align: justify\"><strong>Ahmed Bustaji &#8211; Ministro de Estado<\/strong><\/p>\n<p style=\"text-align: justify\">Nacido en Idlib.<\/p>\n<p style=\"text-align: justify\">Tiene un t\u00edtulo universitario de la Facultad de Derecho de la Universidad de Damasco.<\/p>\n<p style=\"text-align: justify\">Fue nombrado fiscal general del Estado durante diez a\u00f1os, as\u00ed como diputado en el Parlamento sirio.<\/p>\n<p style=\"text-align: justify\">Miembro del Comit\u00e9 Central del Partido Comunista Sirio Unificado y miembro de su Bur\u00f3 Pol\u00edtico.<\/p>\n<p style=\"text-align: justify\"><strong>Muhammad Amer Mardini- <\/strong><strong>Ministro de Educaci\u00f3n<\/strong><\/p>\n<p style=\"text-align: justify\">Nacido en Damasco en 1959. Obtuvo el doctorado en farmacolog\u00eda en 1988 de la Universidad Humboldt, Alemania, de la especialidad de control de calidad de medicamentos.<\/p>\n<p style=\"text-align: justify\">Ocup\u00f3 los cargos de Ministro de Educaci\u00f3n Superior y Rector de la Universidad de Damasco.<\/p>\n<p style=\"text-align: justify\">Fue catedr\u00e1tico de la Facultad de Farmacia en la Universidad Al-Andalus de Ciencias M\u00e9dicas, y tambi\u00e9n profesor de la Facultad de Farmacia de la Universidad de Damasco.<\/p>\n<p style=\"text-align: justify\"><strong>Ingeniero Louay Kharita &#8211; Ministro de Administraci\u00f3n Local y Medio Ambiente<\/strong><\/p>\n<p style=\"text-align: justify\">Nacido en 1967.<\/p>\n<p style=\"text-align: justify\">Tiene una maestr\u00eda en administraci\u00f3n de empresas del Instituto Superior de Administraci\u00f3n de Empresas (HIBA), con especializaci\u00f3n en marketing, y una licenciatura de la Facultad de Ingenier\u00eda Civil de la Universidad de Damasco en 1991.<\/p>\n<p style=\"text-align: justify\">Fue nombrado Gobernador de la provincia sure\u00f1a de Deraa desde 2021 hasta su nombramiento como Ministro, as\u00ed como ostent\u00f3 el cargo de asistente del Ministro de Administraci\u00f3n Local y Medio Ambiente de 2009 a 2021.<\/p>\n<p style=\"text-align: justify\"><strong>Dr. Fayez Al-Mekdad &#8211; Ministro de Agricultura y Reforma Agraria<\/strong><\/p>\n<p style=\"text-align: justify\">Nacido en Damasco en 1978.<\/p>\n<p style=\"text-align: justify\">Tiene un doctorado en econom\u00eda agr\u00edcola, con especializaci\u00f3n en planificaci\u00f3n del desarrollo agr\u00edcola, de la Universidad Ain Shams de El Cairo en 2009.<\/p>\n<p style=\"text-align: justify\">Se gradu\u00f3 en la Facultad de Ingenier\u00eda Agr\u00edcola de la Universidad de Damasco, especializ\u00e1ndose en econom\u00eda agr\u00edcola en 2001.<\/p>\n<p style=\"text-align: justify\">Fue ministro adjunto de Agricultura para Asuntos de Pol\u00edtica Agr\u00edcola del Ministerio de Agricultura y Reforma Agraria desde 2021 hasta la fecha actual.<\/p>\n<p style=\"text-align: justify\"><strong>Bassam Al-Sabbagh &#8211; Ministro de Asuntos Exteriores y Emigrantes<\/strong><\/p>\n<p style=\"text-align: justify\">Nacido en Alepo en 1969.<\/p>\n<p style=\"text-align: justify\">Tiene un t\u00edtulo universitario en ciencias pol\u00edticas de la Universidad de Damasco en 1990.<\/p>\n<p style=\"text-align: justify\">Trabaj\u00f3 como asesor en la Misi\u00f3n Permanente de Siria ante las Naciones Unidas en Nueva York de 2001 a 2006.<\/p>\n<p style=\"text-align: justify\">Fue nombrado Embajador de Siria en Austria, Embajador no residente en Eslovaquia y Eslovenia, Representante Permanente ante la Oficina de las Naciones Unidas en Viena y Representante Residente ante otras organizaciones internacionales (Organismo Internacional de Energ\u00eda At\u00f3mica, ONUDI, Oficina de las Naciones Unidas contra la Droga y el Delito) de 2010 a 2020.<\/p>\n<p style=\"text-align: justify\">Representante Permanente de Siria ante la Organizaci\u00f3n para la Prohibici\u00f3n de Armas Qu\u00edmicas (OPAQ) en La Haya, Pa\u00edses Bajos, desde 2013 hasta 2020.<\/p>\n<p style=\"text-align: justify\">Embajador de Siria ante las Naciones Unidas en Nueva York de 2020 a 2023.<\/p>\n<p style=\"text-align: justify\">Asimismo ocup\u00f3 el puesto del Viceministro de Asuntos Exteriores y Expatriado en 2023.<\/p>\n<p style=\"text-align: justify\"><strong>Dr. Bassam Hassan &#8211; Ministro de Educaci\u00f3n Superior e Investigaci\u00f3n Cient\u00edfica<\/strong><\/p>\n<p style=\"text-align: justify\">Nacido en Damasco-campo en 1958.<\/p>\n<p style=\"text-align: justify\">Tiene un t\u00edtulo en ingenier\u00eda civil de la Universidad de Tishreen en 1981 y un doctorado del Instituto Central de Ciencia, Investigaci\u00f3n y Asistencia T\u00e9cnica para la Construcci\u00f3n de Mosc\u00fa en 1988.<\/p>\n<p style=\"text-align: justify\">El Dr. Hassan se desempe\u00f1\u00f3 como rector de la Universidad de Tishreen de 2021 a 2024.<\/p>\n<p style=\"text-align: justify\">Es investigador en el campo de la gesti\u00f3n de proyectos de ingenier\u00eda, mejora del desempe\u00f1o de las instituciones y tecnolog\u00eda de la construcci\u00f3n, y tiene m\u00e1s de 35 art\u00edculos cient\u00edficos publicados.<\/p>\n<p style=\"text-align: justify\"><strong>Dr. Riad Abdel Raouf &#8211; Ministro de Finanzas<\/strong><\/p>\n<p style=\"text-align: justify\">Nacido en Damasco en 1975.<\/p>\n<p style=\"text-align: justify\">Tiene un doctorado en ciencias administrativas de Francia en 2010 y un diploma de estudios en ciencias administrativas de Francia en 2005.<\/p>\n<p style=\"text-align: justify\">Recibi\u00f3 una maestr\u00eda en contabilidad, con especializaci\u00f3n en auditor\u00eda, de la Facultad de Econom\u00eda de la Universidad de Damasco en 2002, y una licenciatura en econom\u00eda de la Universidad de Damasco en 1997.<\/p>\n<p style=\"text-align: justify\">Se desempe\u00f1\u00f3 como Ministro adjunto de Hacienda para Asuntos de Ingresos P\u00fablicos desde 2018, para Asuntos de Pol\u00edtica Financiera desde 2021 y para Asuntos Presupuestarios desde junio de 2024.<\/p>\n<p style=\"text-align: justify\"><strong>Dr. Ahmed Damiriyah &#8211; Ministro de Salud<\/strong><\/p>\n<p style=\"text-align: justify\">Nacido en Damasco-campo en 1971.<\/p>\n<p style=\"text-align: justify\">Obtuvo una licenciatura en medicina de la Universidad de Damasco en 1995, con especializaci\u00f3n en cirug\u00eda general.<\/p>\n<p style=\"text-align: justify\">Se desempe\u00f1\u00f3 como director del programa nacional de lucha contra la tuberculosis y las enfermedades respiratorias de 2014 a 2018, director de programas de enfermedades cr\u00f3nicas en el mismo per\u00edodo y miembro del comit\u00e9 nacional de lucha contra la pandemia de Corona 2020-2021.<\/p>\n<p style=\"text-align: justify\">Fue nombrado Ministro adjunto de Salud desde 2021.<\/p>\n<p style=\"text-align: justify\"><strong>Dr. Sinjar Tohme &#8211; Ministro de Electricidad<\/strong><\/p>\n<p style=\"text-align: justify\">Nacido en Homs en 1979.<\/p>\n<p style=\"text-align: justify\">Tiene un doctorado en ingenier\u00eda energ\u00e9tica de la Universidad Polit\u00e9cnica de Bucarest (Rumania) en 2001 y una licenciatura en ingenier\u00eda mec\u00e1nica de la Universidad de Alepo en 1992.<\/p>\n<p style=\"text-align: justify\">Se desempe\u00f1\u00f3 como Ministro adjunto de Electricidad para asuntos de regulaci\u00f3n del sector desde 2022 hasta su nombramiento como Ministro de Electricidad.<\/p>\n<p style=\"text-align: justify\">Fue nombrado Director del Centro Nacional de Investigaciones Energ\u00e9ticas en 2023 y Presidente del Comit\u00e9 Central de Energ\u00eda del Sindicato de Ingenieros.<\/p>\n<p style=\"text-align: justify\">Represent\u00f3 a Siria en la Agencia Internacional de Energ\u00edas Renovables desde 2022 y en la Oficina Ejecutiva de la Autoridad \u00c1rabe de Energ\u00edas Renovables en Jordania desde 2021.<\/p>\n<p style=\"text-align: justify\"><strong>Dr. Mohamed Rabie Qalaaji &#8211; Ministro de Econom\u00eda y Comercio Exterior<\/strong><br \/>\nNacido en Alepo en 1981.<\/p>\n<p style=\"text-align: justify\">Tiene un doctorado en contabilidad de la Facultad de Econom\u00eda de la Universidad de Alepo en 2012, con especializaci\u00f3n en normas contables internacionales y crisis financieras y bancarias.<\/p>\n<p style=\"text-align: justify\">Fue diputado del Parlamento sirio y asesor econ\u00f3mico de la C\u00e1mara de Comercio de Alepo.<\/p>\n<p style=\"text-align: justify\"><strong>Sr. Ahmed Hadla &#8211; Ministro de Estado<\/strong><\/p>\n<p style=\"text-align: justify\">Naci\u00f3 en Alepo en 1976.<\/p>\n<p style=\"text-align: justify\">Se gradu\u00f3 de la Facultad de Derechos de la Universidad de Alepo en 2001.<\/p>\n<p style=\"text-align: justify\">Miembro del Bur\u00f3 Pol\u00edtico del Partido Uni\u00f3n Democr\u00e1tica \u00c1rabe y jefe de las oficinas de organizaciones populares, sindicatos profesionales y asuntos legales del partido.<\/p>\n<p style=\"text-align: justify\">Miembro de la Asamblea Popular para la cuarta legislatura.<\/p>\n<p style=\"text-align: justify\"><strong>Ingeniera Samar Al-Sibai &#8211; Ministro de Asuntos Sociales y Trabajo<\/strong><\/p>\n<p style=\"text-align: justify\">Nacido en Homs en 1965.<\/p>\n<p style=\"text-align: justify\">Tiene una licenciatura en ingenier\u00eda civil de la Universidad Al-Baath en Homs en 1990.<\/p>\n<p style=\"text-align: justify\">Ocup\u00f3 el cargo de Directora de Asuntos Sociales y Trabajo en Homs de 2018 a 2021, y jefe de la Autoridad Siria para Asuntos de Poblaci\u00f3n y Familia desde 2021 hasta su nombramiento como Ministra.<\/p>\n<p style=\"text-align: justify\"><strong>Dr. Hamza Ali &#8211; Ministro de Obras P\u00fablicas y Vivienda<\/strong><\/p>\n<p style=\"text-align: justify\">Nacido en 1967.<\/p>\n<p style=\"text-align: justify\">Tiene una licenciatura en ingenier\u00eda civil de la Universidad Al-Baath de Homs en 1990 y un doctorado en gesti\u00f3n de proyectos de la Universidad de El Cairo en 1997.<\/p>\n<p style=\"text-align: justify\">Trabaj\u00f3 como Jefe del Departamento de la Administraci\u00f3n de Ingenier\u00eda de la Facultad de Ingenier\u00eda Civil de la Universidad Al-Baath y Vicedecano de la Facultad.<\/p>\n<p style=\"text-align: justify\"><strong>Ziad Ghosn &#8211; Ministro de Informaci\u00f3n<\/strong><\/p>\n<p style=\"text-align: justify\">Ziad Ghosn naci\u00f3 en la campi\u00f1a de Damasco en 1973.<\/p>\n<p style=\"text-align: justify\">Se gradu\u00f3 de la Facultad de Periodismo, la Universidad de Damasco en 1995.<\/p>\n<p style=\"text-align: justify\">Trabaj\u00f3 como editor en jefe y jefe de la secci\u00f3n econ\u00f3mica del peri\u00f3dico Tishreen desde 1998 hasta finales de 2008, editor en jefe del peri\u00f3dico Tishreen de 2011 a 2012 y miembro del Comit\u00e9 Nacional Sirio, al que se le encarg\u00f3 en 2011 con el desarrollo de la primera ley integral de medios de comunicaci\u00f3n en Siria.<\/p>\n<p style=\"text-align: justify\">Asimismo fue el director del proyecto \u201cWatan Blog\u201d desde 2021, emitido por la Sociedad Cient\u00edfica Siria de Inform\u00e1tica.<\/p>\n<p style=\"text-align: justify\">\n","protected":false},"excerpt":{"rendered":"<p>Damasco, 24 sep (SANA) Dr. Muhammad Ghazi Al-Jalali &#8211; Primer Ministro Naci\u00f3 en Damasco en 1969. Ostent\u00f3 el cargo del Ministro de Comunicaciones y Tecnolog\u00eda desde agosto de 2014 hasta julio de 2016, Ministro Adjunto de Comunicaciones y Tecnolog\u00eda desde mayo de 2008 hasta agosto de 2014, Profesor Asociado y Presidente de la Universidad Privada &hellip;<\/p>\n","protected":false},"author":24,"featured_media":55199,"comment_status":"closed","ping_status":"closed","sticky":false,"template":"","format":"standard","meta":{"footnotes":""},"categories":[447,597,476,7541],"tags":[],"class_list":["post-338868","post","type-post","status-publish","format-standard","has-post-thumbnail","","category-local-politica","category-cinta-de-noticias","category-locales","category-ultimas-noticias"],"_links":{"self":[{"href":"https:\/\/archive.sana.sy\/es\/index.php?rest_route=\/wp\/v2\/posts\/338868"}],"collection":[{"href":"https:\/\/archive.sana.sy\/es\/index.php?rest_route=\/wp\/v2\/posts"}],"about":[{"href":"https:\/\/archive.sana.sy\/es\/index.php?rest_route=\/wp\/v2\/types\/post"}],"author":[{"embeddable":true,"href":"https:\/\/archive.sana.sy\/es\/index.php?rest_route=\/wp\/v2\/users\/24"}],"replies":[{"embeddable":true,"href":"https:\/\/archive.sana.sy\/es\/index.php?rest_route=%2Fwp%2Fv2%2Fcomments&post=338868"}],"version-history":[{"count":11,"href":"https:\/\/archive.sana.sy\/es\/index.php?rest_route=\/wp\/v2\/posts\/338868\/revisions"}],"predecessor-version":[{"id":338879,"href":"https:\/\/archive.sana.sy\/es\/index.php?rest_route=\/wp\/v2\/posts\/338868\/revisions\/338879"}],"wp:featuredmedia":[{"embeddable":true,"href":"https:\/\/archive.sana.sy\/es\/index.php?rest_route=\/wp\/v2\/media\/55199"}],"wp:attachment":[{"href":"https:\/\/archive.sana.sy\/es\/index.php?rest_route=%2Fwp%2Fv2%2Fmedia&parent=338868"}],"wp:term":[{"taxonomy":"category","embeddable":true,"href":"https:\/\/archive.sana.sy\/es\/index.php?rest_route=%2Fwp%2Fv2%2Fcategories&post=338868"},{"taxonomy":"post_tag","embeddable":true,"href":"https:\/\/archive.sana.sy\/es\/index.php?rest_route=%2Fwp%2Fv2%2Ftags&post=338868"}],"curies":[{"name":"wp","href":"https:\/\/api.w.org\/{rel}","templated":true}]}}