{"id":338886,"date":"2024-09-25T10:46:06","date_gmt":"2024-09-25T07:46:06","guid":{"rendered":"https:\/\/sana.sy\/es\/?p=338886"},"modified":"2024-09-25T10:46:06","modified_gmt":"2024-09-25T07:46:06","slug":"hezbola-ataca-la-sede-del-mossad-en-tel-aviv-con-un-misil-balistico-tipo-qader-i","status":"publish","type":"post","link":"https:\/\/archive.sana.sy\/es\/?p=338886","title":{"rendered":"Hezbol\u00e1 ataca la sede del Mossad en Tel Aviv con un misil bal\u00edstico tipo Qader I"},"content":{"rendered":"<p style=\"text-align: justify;\"><span style=\"color: #800000;\"><strong>Beirut, 25 sep (SANA)\u00a0<\/strong> <\/span>\u00a0La Resistencia en el L\u00edbano &#8211; Hezbol\u00e1 &#8211; atac\u00f3 hoy la sede del Mossad en los suburbios de Tel Aviv, con un misil bal\u00edstico Qader I.<\/p>\n<p style=\"text-align: justify;\">La resistencia inform\u00f3 en un comunicado que el cuartel general atacado era responsable del asesinato de los l\u00edderes de Hezbol\u00e1 y de las explosiones de buscapersonas y equipos de telecomunicaci\u00f3n.<\/p>\n<p style=\"text-align: justify;\">\u201cQader I\u201d es un misil de largo alcance utilizado por primera vez en esta guerra.<\/p>\n<p>Los medios israel\u00edes informaron que sonaron sirenas en Tel Aviv y se escucharon explosiones escuchadas en Sharon y en Gush Dan, en la regi\u00f3n central.<\/p>\n<p>Despu\u00e9s del ataque, el tr\u00e1fico a\u00e9reo se detuvo en el aeropuerto Ben Gurion, y el Primer Ministro del gobierno de ocupaci\u00f3n, Benjam\u00edn Netanyahu, anunci\u00f3 el aplazamiento de su viaje a Nueva York previsto hoy.<\/p>\n<p><strong>fm\/ws<\/strong><\/p>\n","protected":false},"excerpt":{"rendered":"<p>Beirut, 25 sep (SANA)\u00a0 \u00a0La Resistencia en el L\u00edbano &#8211; Hezbol\u00e1 &#8211; atac\u00f3 hoy la sede del Mossad en los suburbios de Tel Aviv, con un misil bal\u00edstico Qader I. La resistencia inform\u00f3 en un comunicado que el cuartel general atacado era responsable del asesinato de los l\u00edderes de Hezbol\u00e1 y de las explosiones de &hellip;<\/p>\n","protected":false},"author":35,"featured_media":338887,"comment_status":"closed","ping_status":"closed","sticky":false,"template":"","format":"standard","meta":{"footnotes":""},"categories":[597,456,16687,20724,583],"tags":[],"class_list":["post-338886","post","type-post","status-publish","format-standard","has-post-thumbnail","","category-cinta-de-noticias","category-arabe-internacional-politica","category-internacionales","category-minuto-a-minuto","category-slide"],"_links":{"self":[{"href":"https:\/\/archive.sana.sy\/es\/index.php?rest_route=\/wp\/v2\/posts\/338886"}],"collection":[{"href":"https:\/\/archive.sana.sy\/es\/index.php?rest_route=\/wp\/v2\/posts"}],"about":[{"href":"https:\/\/archive.sana.sy\/es\/index.php?rest_route=\/wp\/v2\/types\/post"}],"author":[{"embeddable":true,"href":"https:\/\/archive.sana.sy\/es\/index.php?rest_route=\/wp\/v2\/users\/35"}],"replies":[{"embeddable":true,"href":"https:\/\/archive.sana.sy\/es\/index.php?rest_route=%2Fwp%2Fv2%2Fcomments&post=338886"}],"version-history":[{"count":1,"href":"https:\/\/archive.sana.sy\/es\/index.php?rest_route=\/wp\/v2\/posts\/338886\/revisions"}],"predecessor-version":[{"id":338888,"href":"https:\/\/archive.sana.sy\/es\/index.php?rest_route=\/wp\/v2\/posts\/338886\/revisions\/338888"}],"wp:featuredmedia":[{"embeddable":true,"href":"https:\/\/archive.sana.sy\/es\/index.php?rest_route=\/wp\/v2\/media\/338887"}],"wp:attachment":[{"href":"https:\/\/archive.sana.sy\/es\/index.php?rest_route=%2Fwp%2Fv2%2Fmedia&parent=338886"}],"wp:term":[{"taxonomy":"category","embeddable":true,"href":"https:\/\/archive.sana.sy\/es\/index.php?rest_route=%2Fwp%2Fv2%2Fcategories&post=338886"},{"taxonomy":"post_tag","embeddable":true,"href":"https:\/\/archive.sana.sy\/es\/index.php?rest_route=%2Fwp%2Fv2%2Ftags&post=338886"}],"curies":[{"name":"wp","href":"https:\/\/api.w.org\/{rel}","templated":true}]}}