{"id":338978,"date":"2024-09-25T19:46:00","date_gmt":"2024-09-25T16:46:00","guid":{"rendered":"https:\/\/sana.sy\/es\/?p=338978"},"modified":"2024-09-25T19:49:41","modified_gmt":"2024-09-25T16:49:41","slug":"putin-la-contribucion-del-brics-en-la-economia-mundial-ya-es-mayor-del-g7","status":"publish","type":"post","link":"https:\/\/archive.sana.sy\/es\/?p=338978","title":{"rendered":"Putin: La contribuci\u00f3n del BRICS en la econom\u00eda mundial ya es mayor del G7"},"content":{"rendered":"<p style=\"text-align: justify\"><span style=\"color: #800000\"><strong>Mosc\u00fa, 25 sep (SANA)<\/strong><\/span> El presidente de Rusia, Vladimir Putin, marc\u00f3 que el PIB de los miembros del BRICS sigue creciendo.<\/p>\n<p style=\"text-align: justify\">En una reuni\u00f3n del Consejo de Estado, el mandatario ruso destac\u00f3 que la contribuci\u00f3n de los pa\u00edses BRICS a la econom\u00eda mundial ya es mayor que la participaci\u00f3n del llamado G7.<\/p>\n<p style=\"text-align: justify\">Agreg\u00f3 que en 2022 el G7 representaba el 30,5% del PIB mundial y que la cuota del BRICS en el PIB lleg\u00f3 a 31,4%.<\/p>\n<p style=\"text-align: justify\">Se estima que este porcentaje aumente al 33.8% in el a\u00f1o 2028, marc\u00f3 el presidente.<\/p>\n<p style=\"text-align: justify\">la<\/p>\n","protected":false},"excerpt":{"rendered":"<p>Mosc\u00fa, 25 sep (SANA) El presidente de Rusia, Vladimir Putin, marc\u00f3 que el PIB de los miembros del BRICS sigue creciendo. En una reuni\u00f3n del Consejo de Estado, el mandatario ruso destac\u00f3 que la contribuci\u00f3n de los pa\u00edses BRICS a la econom\u00eda mundial ya es mayor que la participaci\u00f3n del llamado G7. Agreg\u00f3 que en &hellip;<\/p>\n","protected":false},"author":24,"featured_media":338979,"comment_status":"closed","ping_status":"closed","sticky":false,"template":"","format":"standard","meta":{"footnotes":""},"categories":[597,456,20724,7541],"tags":[],"class_list":["post-338978","post","type-post","status-publish","format-standard","has-post-thumbnail","","category-cinta-de-noticias","category-arabe-internacional-politica","category-minuto-a-minuto","category-ultimas-noticias"],"_links":{"self":[{"href":"https:\/\/archive.sana.sy\/es\/index.php?rest_route=\/wp\/v2\/posts\/338978"}],"collection":[{"href":"https:\/\/archive.sana.sy\/es\/index.php?rest_route=\/wp\/v2\/posts"}],"about":[{"href":"https:\/\/archive.sana.sy\/es\/index.php?rest_route=\/wp\/v2\/types\/post"}],"author":[{"embeddable":true,"href":"https:\/\/archive.sana.sy\/es\/index.php?rest_route=\/wp\/v2\/users\/24"}],"replies":[{"embeddable":true,"href":"https:\/\/archive.sana.sy\/es\/index.php?rest_route=%2Fwp%2Fv2%2Fcomments&post=338978"}],"version-history":[{"count":3,"href":"https:\/\/archive.sana.sy\/es\/index.php?rest_route=\/wp\/v2\/posts\/338978\/revisions"}],"predecessor-version":[{"id":338982,"href":"https:\/\/archive.sana.sy\/es\/index.php?rest_route=\/wp\/v2\/posts\/338978\/revisions\/338982"}],"wp:featuredmedia":[{"embeddable":true,"href":"https:\/\/archive.sana.sy\/es\/index.php?rest_route=\/wp\/v2\/media\/338979"}],"wp:attachment":[{"href":"https:\/\/archive.sana.sy\/es\/index.php?rest_route=%2Fwp%2Fv2%2Fmedia&parent=338978"}],"wp:term":[{"taxonomy":"category","embeddable":true,"href":"https:\/\/archive.sana.sy\/es\/index.php?rest_route=%2Fwp%2Fv2%2Fcategories&post=338978"},{"taxonomy":"post_tag","embeddable":true,"href":"https:\/\/archive.sana.sy\/es\/index.php?rest_route=%2Fwp%2Fv2%2Ftags&post=338978"}],"curies":[{"name":"wp","href":"https:\/\/api.w.org\/{rel}","templated":true}]}}