{"id":339036,"date":"2024-09-26T15:39:23","date_gmt":"2024-09-26T12:39:23","guid":{"rendered":"https:\/\/sana.sy\/es\/?p=339036"},"modified":"2024-09-26T15:44:09","modified_gmt":"2024-09-26T12:44:09","slug":"siria-denuncia-ataque-israeli-contra-cruce-fronterizo-con-el-libano-fotos","status":"publish","type":"post","link":"https:\/\/archive.sana.sy\/es\/?p=339036","title":{"rendered":"Siria denuncia ataque israel\u00ed contra cruce fronterizo con el L\u00edbano (+ fotos)"},"content":{"rendered":"<p style=\"text-align: justify;\"><span style=\"color: #800000;\"><strong>Homs, 26 sep (SANA)<\/strong> <\/span>Varias personas resultaron heridas hoy tras una agresi\u00f3n israel\u00ed contra un puente de paso en el cruce fronterizo de Mattraba, con el L\u00edbano.<\/p>\n<p style=\"text-align: justify;\">\u201cDurante la jornada de trabajo en el paso fronterizo, el enemigo israel\u00ed atac\u00f3 repentinamente a quienes llegaban del territorio liban\u00e9s en el puente que comunica Siria y L\u00edbano, denunci\u00f3 Iyad Alloush, el director del cruce, ubicado en la provincia de Homs.<\/p>\n<p>Indic\u00f3 que ocho trabajadores en el cruce resultaron heridos, adem\u00e1s de otras varias personas, incluidos ni\u00f1os.<\/p>\n<p style=\"text-align: justify;\">Seg\u00fan Alloush, la agresi\u00f3n tambi\u00e9n provoc\u00f3 da\u00f1os materiales en el cruce y sus alrededores.<\/p>\n<div id='gallery-1' class='gallery galleryid-339036 gallery-columns-1 gallery-size-full'><figure class='gallery-item'>\n\t\t\t<div class='gallery-icon landscape'>\n\t\t\t\t<a href='https:\/\/archive.sana.sy\/es\/?attachment_id=339038'><img loading=\"lazy\" decoding=\"async\" width=\"1280\" height=\"963\" src=\"https:\/\/archive.sana.sy\/es\/wp-content\/uploads\/2024\/09\/photo_2024-09-26_15-25-31.jpg\" class=\"attachment-full size-full\" alt=\"\" srcset=\"https:\/\/archive.sana.sy\/es\/wp-content\/uploads\/2024\/09\/photo_2024-09-26_15-25-31.jpg 1280w, https:\/\/archive.sana.sy\/es\/wp-content\/uploads\/2024\/09\/photo_2024-09-26_15-25-31-300x226.jpg 300w, https:\/\/archive.sana.sy\/es\/wp-content\/uploads\/2024\/09\/photo_2024-09-26_15-25-31-1024x770.jpg 1024w, https:\/\/archive.sana.sy\/es\/wp-content\/uploads\/2024\/09\/photo_2024-09-26_15-25-31-150x113.jpg 150w, https:\/\/archive.sana.sy\/es\/wp-content\/uploads\/2024\/09\/photo_2024-09-26_15-25-31-768x578.jpg 768w\" sizes=\"(max-width: 1280px) 100vw, 1280px\" \/><\/a>\n\t\t\t<\/div><\/figure><figure class='gallery-item'>\n\t\t\t<div class='gallery-icon landscape'>\n\t\t\t\t<a href='https:\/\/archive.sana.sy\/es\/?attachment_id=339039'><img loading=\"lazy\" decoding=\"async\" width=\"660\" height=\"497\" src=\"https:\/\/archive.sana.sy\/es\/wp-content\/uploads\/2024\/09\/Siria-denuncia-ataque-israeli-contra-cruce-fronterizo-con-el-Libano00.jpeg\" class=\"attachment-full size-full\" alt=\"\" srcset=\"https:\/\/archive.sana.sy\/es\/wp-content\/uploads\/2024\/09\/Siria-denuncia-ataque-israeli-contra-cruce-fronterizo-con-el-Libano00.jpeg 660w, https:\/\/archive.sana.sy\/es\/wp-content\/uploads\/2024\/09\/Siria-denuncia-ataque-israeli-contra-cruce-fronterizo-con-el-Libano00-300x226.jpeg 300w, https:\/\/archive.sana.sy\/es\/wp-content\/uploads\/2024\/09\/Siria-denuncia-ataque-israeli-contra-cruce-fronterizo-con-el-Libano00-150x113.jpeg 150w\" sizes=\"(max-width: 660px) 100vw, 660px\" \/><\/a>\n\t\t\t<\/div><\/figure><figure class='gallery-item'>\n\t\t\t<div class='gallery-icon landscape'>\n\t\t\t\t<a href='https:\/\/archive.sana.sy\/es\/?attachment_id=339040'><img loading=\"lazy\" decoding=\"async\" width=\"660\" height=\"497\" src=\"https:\/\/archive.sana.sy\/es\/wp-content\/uploads\/2024\/09\/Siria-denuncia-ataque-israeli-contra-cruce-fronterizo-con-el-Libano0000.jpeg\" class=\"attachment-full size-full\" alt=\"\" srcset=\"https:\/\/archive.sana.sy\/es\/wp-content\/uploads\/2024\/09\/Siria-denuncia-ataque-israeli-contra-cruce-fronterizo-con-el-Libano0000.jpeg 660w, https:\/\/archive.sana.sy\/es\/wp-content\/uploads\/2024\/09\/Siria-denuncia-ataque-israeli-contra-cruce-fronterizo-con-el-Libano0000-300x226.jpeg 300w, https:\/\/archive.sana.sy\/es\/wp-content\/uploads\/2024\/09\/Siria-denuncia-ataque-israeli-contra-cruce-fronterizo-con-el-Libano0000-150x113.jpeg 150w\" sizes=\"(max-width: 660px) 100vw, 660px\" \/><\/a>\n\t\t\t<\/div><\/figure><figure class='gallery-item'>\n\t\t\t<div class='gallery-icon landscape'>\n\t\t\t\t<a href='https:\/\/archive.sana.sy\/es\/?attachment_id=339041'><img loading=\"lazy\" decoding=\"async\" width=\"660\" height=\"443\" src=\"https:\/\/archive.sana.sy\/es\/wp-content\/uploads\/2024\/09\/Siria-denuncia-ataque-israeli-contra-cruce-fronterizo-con-el-Libano000.jpeg\" class=\"attachment-full size-full\" alt=\"\" srcset=\"https:\/\/archive.sana.sy\/es\/wp-content\/uploads\/2024\/09\/Siria-denuncia-ataque-israeli-contra-cruce-fronterizo-con-el-Libano000.jpeg 660w, https:\/\/archive.sana.sy\/es\/wp-content\/uploads\/2024\/09\/Siria-denuncia-ataque-israeli-contra-cruce-fronterizo-con-el-Libano000-300x201.jpeg 300w, https:\/\/archive.sana.sy\/es\/wp-content\/uploads\/2024\/09\/Siria-denuncia-ataque-israeli-contra-cruce-fronterizo-con-el-Libano000-150x101.jpeg 150w, https:\/\/archive.sana.sy\/es\/wp-content\/uploads\/2024\/09\/Siria-denuncia-ataque-israeli-contra-cruce-fronterizo-con-el-Libano000-110x75.jpeg 110w\" sizes=\"(max-width: 660px) 100vw, 660px\" \/><\/a>\n\t\t\t<\/div><\/figure>\n\t\t<\/div>\n\n<p style=\"text-align: justify;\">fm\/sm<\/p>\n","protected":false},"excerpt":{"rendered":"<p>Homs, 26 sep (SANA) Varias personas resultaron heridas hoy tras una agresi\u00f3n israel\u00ed contra un puente de paso en el cruce fronterizo de Mattraba, con el L\u00edbano. \u201cDurante la jornada de trabajo en el paso fronterizo, el enemigo israel\u00ed atac\u00f3 repentinamente a quienes llegaban del territorio liban\u00e9s en el puente que comunica Siria y L\u00edbano, &hellip;<\/p>\n","protected":false},"author":39,"featured_media":339043,"comment_status":"closed","ping_status":"closed","sticky":false,"template":"","format":"standard","meta":{"footnotes":""},"categories":[597,20724,467,583],"tags":[],"class_list":["post-339036","post","type-post","status-publish","format-standard","has-post-thumbnail","","category-cinta-de-noticias","category-minuto-a-minuto","category-siria-y-el-mundo","category-slide"],"_links":{"self":[{"href":"https:\/\/archive.sana.sy\/es\/index.php?rest_route=\/wp\/v2\/posts\/339036"}],"collection":[{"href":"https:\/\/archive.sana.sy\/es\/index.php?rest_route=\/wp\/v2\/posts"}],"about":[{"href":"https:\/\/archive.sana.sy\/es\/index.php?rest_route=\/wp\/v2\/types\/post"}],"author":[{"embeddable":true,"href":"https:\/\/archive.sana.sy\/es\/index.php?rest_route=\/wp\/v2\/users\/39"}],"replies":[{"embeddable":true,"href":"https:\/\/archive.sana.sy\/es\/index.php?rest_route=%2Fwp%2Fv2%2Fcomments&post=339036"}],"version-history":[{"count":2,"href":"https:\/\/archive.sana.sy\/es\/index.php?rest_route=\/wp\/v2\/posts\/339036\/revisions"}],"predecessor-version":[{"id":339044,"href":"https:\/\/archive.sana.sy\/es\/index.php?rest_route=\/wp\/v2\/posts\/339036\/revisions\/339044"}],"wp:featuredmedia":[{"embeddable":true,"href":"https:\/\/archive.sana.sy\/es\/index.php?rest_route=\/wp\/v2\/media\/339043"}],"wp:attachment":[{"href":"https:\/\/archive.sana.sy\/es\/index.php?rest_route=%2Fwp%2Fv2%2Fmedia&parent=339036"}],"wp:term":[{"taxonomy":"category","embeddable":true,"href":"https:\/\/archive.sana.sy\/es\/index.php?rest_route=%2Fwp%2Fv2%2Fcategories&post=339036"},{"taxonomy":"post_tag","embeddable":true,"href":"https:\/\/archive.sana.sy\/es\/index.php?rest_route=%2Fwp%2Fv2%2Ftags&post=339036"}],"curies":[{"name":"wp","href":"https:\/\/api.w.org\/{rel}","templated":true}]}}