{"id":339045,"date":"2024-09-26T16:15:07","date_gmt":"2024-09-26T13:15:07","guid":{"rendered":"https:\/\/sana.sy\/es\/?p=339045"},"modified":"2024-09-26T18:10:43","modified_gmt":"2024-09-26T15:10:43","slug":"militares-israelies-asesinan-a-39-palestinos-en-gaza-en-el-ultimo-dia","status":"publish","type":"post","link":"https:\/\/archive.sana.sy\/es\/?p=339045","title":{"rendered":"Militares israel\u00edes asesinan a 39 palestinos en Gaza en el \u00faltimo d\u00eda"},"content":{"rendered":"<p style=\"text-align: justify;\"><span style=\"color: #800000;\"><strong>Jerusal\u00e9n ocupada, 26 sep (SANA)<\/strong><\/span> El Ministerio de Salud palestino inform\u00f3 hoy que durante las \u00faltimas 24 horas, el ocupante\u00a0 israel\u00ed cometi\u00f3 4 masacres en la Franja de Gaza, con un saldo de 39 muertos y 86 heridos.<\/p>\n<p style=\"text-align: justify;\">De acuerdo con el ente, el saldo total de v\u00edctimas durante 365 d\u00edas de actual agresi\u00f3n israel\u00ed contra\u00a0 Gaza aument\u00f3 a 41.534 muertos\u00a0 y 96.092 heridos.<\/p>\n<p style=\"text-align: justify;\">Durante el d\u00eda de hoy, al menos 9 palestinos, incluidos ni\u00f1os y mujeres, murieron y otros resultaron heridos debido a los continuos bombardeos israel\u00edes contra diversas zonas de la Franja de Gaza.<\/p>\n<p style=\"text-align: justify;\">\u201cCinco palestinos perdieron la vida, incluidos dos menores, en un ataque con misiles lanzado por \u201cIsrael\u201d contra una casa al este de la ciudad de Jan Yunis, en el sur de la Franja de Gaza\u201d, inform\u00f3 la agencia palestina Wafa.<\/p>\n<p style=\"text-align: justify;\">Asimismo, un palestino fue asesinado y otros resultaron heridos tras un bombardeo israel\u00ed contra una casa en el barrio de Al-Amal, al oeste de Jan Yunis, en medio de bombardeos con artiller\u00eda por segundo d\u00eda al este de la ciudad de Al-Fukhari.<\/p>\n<p style=\"text-align: justify;\">Por otro lado, dos mujeres perdieron la vida tras un bombardeo de los aviones de guerra israel\u00edes contra una casa en el campamento de Jabalia en el norte de la Franja de Gaza, y un palestino fue asesinado en el nuevo campamento en Nuseirat en el centro de la Franja de Gaza.<\/p>\n<p style=\"text-align: justify;\">fm\/ahs<\/p>\n","protected":false},"excerpt":{"rendered":"<p>Jerusal\u00e9n ocupada, 26 sep (SANA) El Ministerio de Salud palestino inform\u00f3 hoy que durante las \u00faltimas 24 horas, el ocupante\u00a0 israel\u00ed cometi\u00f3 4 masacres en la Franja de Gaza, con un saldo de 39 muertos y 86 heridos. De acuerdo con el ente, el saldo total de v\u00edctimas durante 365 d\u00edas de actual agresi\u00f3n israel\u00ed &hellip;<\/p>\n","protected":false},"author":43,"featured_media":339046,"comment_status":"closed","ping_status":"closed","sticky":false,"template":"","format":"standard","meta":{"footnotes":""},"categories":[597,456,16687,20724,583],"tags":[],"class_list":["post-339045","post","type-post","status-publish","format-standard","has-post-thumbnail","","category-cinta-de-noticias","category-arabe-internacional-politica","category-internacionales","category-minuto-a-minuto","category-slide"],"_links":{"self":[{"href":"https:\/\/archive.sana.sy\/es\/index.php?rest_route=\/wp\/v2\/posts\/339045"}],"collection":[{"href":"https:\/\/archive.sana.sy\/es\/index.php?rest_route=\/wp\/v2\/posts"}],"about":[{"href":"https:\/\/archive.sana.sy\/es\/index.php?rest_route=\/wp\/v2\/types\/post"}],"author":[{"embeddable":true,"href":"https:\/\/archive.sana.sy\/es\/index.php?rest_route=\/wp\/v2\/users\/43"}],"replies":[{"embeddable":true,"href":"https:\/\/archive.sana.sy\/es\/index.php?rest_route=%2Fwp%2Fv2%2Fcomments&post=339045"}],"version-history":[{"count":2,"href":"https:\/\/archive.sana.sy\/es\/index.php?rest_route=\/wp\/v2\/posts\/339045\/revisions"}],"predecessor-version":[{"id":339061,"href":"https:\/\/archive.sana.sy\/es\/index.php?rest_route=\/wp\/v2\/posts\/339045\/revisions\/339061"}],"wp:featuredmedia":[{"embeddable":true,"href":"https:\/\/archive.sana.sy\/es\/index.php?rest_route=\/wp\/v2\/media\/339046"}],"wp:attachment":[{"href":"https:\/\/archive.sana.sy\/es\/index.php?rest_route=%2Fwp%2Fv2%2Fmedia&parent=339045"}],"wp:term":[{"taxonomy":"category","embeddable":true,"href":"https:\/\/archive.sana.sy\/es\/index.php?rest_route=%2Fwp%2Fv2%2Fcategories&post=339045"},{"taxonomy":"post_tag","embeddable":true,"href":"https:\/\/archive.sana.sy\/es\/index.php?rest_route=%2Fwp%2Fv2%2Ftags&post=339045"}],"curies":[{"name":"wp","href":"https:\/\/api.w.org\/{rel}","templated":true}]}}