{"id":339048,"date":"2024-09-26T16:59:34","date_gmt":"2024-09-26T13:59:34","guid":{"rendered":"https:\/\/sana.sy\/es\/?p=339048"},"modified":"2024-09-26T17:14:44","modified_gmt":"2024-09-26T14:14:44","slug":"gobierno-sirio-analiza-medidas-para-apoyar-a-los-libaneses-desplazados-debido-a-la-agresion-israeli-contra-su-pais","status":"publish","type":"post","link":"https:\/\/archive.sana.sy\/es\/?p=339048","title":{"rendered":"Gobierno sirio analiza medidas para apoyar a los libaneses desplazados debido a la agresi\u00f3n israel\u00ed contra su pa\u00eds"},"content":{"rendered":"<p style=\"text-align: justify;\"><span style=\"color: #800000;\"><strong>Damasco, 26 sep (SANA)<\/strong> <\/span>El primer ministro sirio Muhammad Ghazi Al-Jalali presidi\u00f3 una reuni\u00f3n que incluy\u00f3 a varios ministros competentes para analizar posibles \u00e1reas para brindar todo el apoyo y asistencia a los libaneses desplazados debido a la brutal agresi\u00f3n israel\u00ed.<\/p>\n<p style=\"text-align: justify;\">Asimismo, el alto funcionario sirio abord\u00f3 con los Ministros del Interior y Administraci\u00f3n Local y Medio Ambiente los resultados de la visita de campo de ambos a la frontera sirio-libanesa y escuch\u00f3 a sus observaciones y sugerencias.<\/p>\n<p style=\"text-align: justify;\">Por su parte, el ministro de Salud, Ahmed Damiriyah, hizo una presentaci\u00f3n sobre las medidas adoptadas por el sector de la Salud P\u00fablica para hacer frente a todos los casos importados, proporcionar atenci\u00f3n sanitaria y m\u00e9dica de todo tipo a quienes la necesiten y aumentar gradualmente la disponibilidad m\u00e9dica de los hospitales.<\/p>\n<p>Durante la reuni\u00f3n se hizo hincapi\u00e9 en tomar todas las medidas necesarias para abrir centros de refugio en todo el territorio sirio cuando sea necesario y proporcionarles todos los suministros, como agua, alimentos y alojamiento, a nivel de cada gobernaci\u00f3n comprometida con la cuesti\u00f3n de los libaneses desplazados que llegan a Siria o de los sirios que retornan del L\u00edbano.<\/p>\n<p style=\"text-align: justify;\">Adem\u00e1s, se acord\u00f3 de proporcionar los medios de transporte necesarios para transportar a los desplazados desde los puntos fronterizos hasta los centros de refugio y alojamiento.<\/p>\n<p style=\"text-align: justify;\">sm<\/p>\n","protected":false},"excerpt":{"rendered":"<p>Damasco, 26 sep (SANA) El primer ministro sirio Muhammad Ghazi Al-Jalali presidi\u00f3 una reuni\u00f3n que incluy\u00f3 a varios ministros competentes para analizar posibles \u00e1reas para brindar todo el apoyo y asistencia a los libaneses desplazados debido a la brutal agresi\u00f3n israel\u00ed. Asimismo, el alto funcionario sirio abord\u00f3 con los Ministros del Interior y Administraci\u00f3n Local &hellip;<\/p>\n","protected":false},"author":39,"featured_media":339050,"comment_status":"closed","ping_status":"closed","sticky":false,"template":"","format":"standard","meta":{"footnotes":""},"categories":[597,20724,467,583],"tags":[],"class_list":["post-339048","post","type-post","status-publish","format-standard","has-post-thumbnail","","category-cinta-de-noticias","category-minuto-a-minuto","category-siria-y-el-mundo","category-slide"],"_links":{"self":[{"href":"https:\/\/archive.sana.sy\/es\/index.php?rest_route=\/wp\/v2\/posts\/339048"}],"collection":[{"href":"https:\/\/archive.sana.sy\/es\/index.php?rest_route=\/wp\/v2\/posts"}],"about":[{"href":"https:\/\/archive.sana.sy\/es\/index.php?rest_route=\/wp\/v2\/types\/post"}],"author":[{"embeddable":true,"href":"https:\/\/archive.sana.sy\/es\/index.php?rest_route=\/wp\/v2\/users\/39"}],"replies":[{"embeddable":true,"href":"https:\/\/archive.sana.sy\/es\/index.php?rest_route=%2Fwp%2Fv2%2Fcomments&post=339048"}],"version-history":[{"count":4,"href":"https:\/\/archive.sana.sy\/es\/index.php?rest_route=\/wp\/v2\/posts\/339048\/revisions"}],"predecessor-version":[{"id":339054,"href":"https:\/\/archive.sana.sy\/es\/index.php?rest_route=\/wp\/v2\/posts\/339048\/revisions\/339054"}],"wp:featuredmedia":[{"embeddable":true,"href":"https:\/\/archive.sana.sy\/es\/index.php?rest_route=\/wp\/v2\/media\/339050"}],"wp:attachment":[{"href":"https:\/\/archive.sana.sy\/es\/index.php?rest_route=%2Fwp%2Fv2%2Fmedia&parent=339048"}],"wp:term":[{"taxonomy":"category","embeddable":true,"href":"https:\/\/archive.sana.sy\/es\/index.php?rest_route=%2Fwp%2Fv2%2Fcategories&post=339048"},{"taxonomy":"post_tag","embeddable":true,"href":"https:\/\/archive.sana.sy\/es\/index.php?rest_route=%2Fwp%2Fv2%2Ftags&post=339048"}],"curies":[{"name":"wp","href":"https:\/\/api.w.org\/{rel}","templated":true}]}}