{"id":339068,"date":"2024-09-26T19:55:58","date_gmt":"2024-09-26T16:55:58","guid":{"rendered":"https:\/\/sana.sy\/es\/?p=339068"},"modified":"2024-09-26T19:55:58","modified_gmt":"2024-09-26T16:55:58","slug":"muertos-y-heridos-en-ataque-israeli-contra-escuela-que-alberga-desplazados-en-gaza","status":"publish","type":"post","link":"https:\/\/archive.sana.sy\/es\/?p=339068","title":{"rendered":"Muertos y heridos en ataque israel\u00ed contra escuela que alberga desplazados en Gaza"},"content":{"rendered":"<p style=\"text-align: justify;\"><span style=\"color: #800000;\"><strong>Jerusal\u00e9n ocupada, 26 sep (SANA)<\/strong><\/span> Al menos 15 palestinos murieron y decenas resultaron heridos tras un bombardeo israel\u00ed contra una escuela que albergaba desplazados en la Franja de Gaza.<\/p>\n<p style=\"text-align: justify;\">La Media Luna Roja Palestina report\u00f3 que entre las v\u00edctimas mortales hay mujeres y menores de edad.<\/p>\n<p style=\"text-align: justify;\">El ataque fue ejecutado contra el plantel educativo Al Faluga, ubicado en el campamento de refugiados de Jabalia.<\/p>\n<p style=\"text-align: justify;\">Seg\u00fan datos del Ministerio de Salud palestino, desde el inicio de la nueva ola de violencia, en octubre de 2023, m\u00e1s de 11 mil alumnos palestinos murieron en los territorios ocupados y otros 17 mil 700 resultaron heridos.<\/p>\n<p style=\"text-align: justify;\">Al menos 353 escuelas p\u00fablicas y universidades, as\u00ed como 65 centros administrados por la Agencia de Obras P\u00fablicas y Socorro de las Naciones Unidas para los Refugiados fueron bombardeadas en la Franja en los \u00faltimos 11 meses, de acuerdo con datos oficiales.<\/p>\n<p style=\"text-align: justify;\">fm\/ahs<\/p>\n","protected":false},"excerpt":{"rendered":"<p>Jerusal\u00e9n ocupada, 26 sep (SANA) Al menos 15 palestinos murieron y decenas resultaron heridos tras un bombardeo israel\u00ed contra una escuela que albergaba desplazados en la Franja de Gaza. La Media Luna Roja Palestina report\u00f3 que entre las v\u00edctimas mortales hay mujeres y menores de edad. El ataque fue ejecutado contra el plantel educativo Al &hellip;<\/p>\n","protected":false},"author":43,"featured_media":339069,"comment_status":"closed","ping_status":"closed","sticky":false,"template":"","format":"standard","meta":{"footnotes":""},"categories":[597,456,16687,20724,7541],"tags":[],"class_list":["post-339068","post","type-post","status-publish","format-standard","has-post-thumbnail","","category-cinta-de-noticias","category-arabe-internacional-politica","category-internacionales","category-minuto-a-minuto","category-ultimas-noticias"],"_links":{"self":[{"href":"https:\/\/archive.sana.sy\/es\/index.php?rest_route=\/wp\/v2\/posts\/339068"}],"collection":[{"href":"https:\/\/archive.sana.sy\/es\/index.php?rest_route=\/wp\/v2\/posts"}],"about":[{"href":"https:\/\/archive.sana.sy\/es\/index.php?rest_route=\/wp\/v2\/types\/post"}],"author":[{"embeddable":true,"href":"https:\/\/archive.sana.sy\/es\/index.php?rest_route=\/wp\/v2\/users\/43"}],"replies":[{"embeddable":true,"href":"https:\/\/archive.sana.sy\/es\/index.php?rest_route=%2Fwp%2Fv2%2Fcomments&post=339068"}],"version-history":[{"count":1,"href":"https:\/\/archive.sana.sy\/es\/index.php?rest_route=\/wp\/v2\/posts\/339068\/revisions"}],"predecessor-version":[{"id":339070,"href":"https:\/\/archive.sana.sy\/es\/index.php?rest_route=\/wp\/v2\/posts\/339068\/revisions\/339070"}],"wp:featuredmedia":[{"embeddable":true,"href":"https:\/\/archive.sana.sy\/es\/index.php?rest_route=\/wp\/v2\/media\/339069"}],"wp:attachment":[{"href":"https:\/\/archive.sana.sy\/es\/index.php?rest_route=%2Fwp%2Fv2%2Fmedia&parent=339068"}],"wp:term":[{"taxonomy":"category","embeddable":true,"href":"https:\/\/archive.sana.sy\/es\/index.php?rest_route=%2Fwp%2Fv2%2Fcategories&post=339068"},{"taxonomy":"post_tag","embeddable":true,"href":"https:\/\/archive.sana.sy\/es\/index.php?rest_route=%2Fwp%2Fv2%2Ftags&post=339068"}],"curies":[{"name":"wp","href":"https:\/\/api.w.org\/{rel}","templated":true}]}}