{"id":339071,"date":"2024-09-26T20:45:55","date_gmt":"2024-09-26T17:45:55","guid":{"rendered":"https:\/\/sana.sy\/es\/?p=339071"},"modified":"2024-09-26T20:48:03","modified_gmt":"2024-09-26T17:48:03","slug":"canciller-sirio-sostiene-conversaciones-con-sus-homologos-de-iraq-argelia-y-uganda","status":"publish","type":"post","link":"https:\/\/archive.sana.sy\/es\/?p=339071","title":{"rendered":"Canciller sirio sostiene conversaciones con sus hom\u00f3logos de Iraq, Argelia y Uganda"},"content":{"rendered":"<p style=\"text-align: justify;\"><span style=\"color: #800000;\"><strong>Nueva York, 26 sep (SANA)<\/strong><\/span>\u00a0\u00a0 El ministro de Asuntos Exteriores y Emigrantes, Bassam Sabbagh, mantuvo reuniones con varios de sus hom\u00f3logos, durante la semana de alto nivel del 79\u00ba per\u00edodo de sesiones de la Asamblea General de las Naciones Unidas, en Nueva York.<\/p>\n<p style=\"text-align: justify;\">El canciller Sabbagh repas\u00f3 con su hom\u00f3logo iraqu\u00ed, Fouad Hussein, las formas para impulsar\u00a0 la cooperaci\u00f3n bilateral entre los dos pa\u00edses en \u00e1reas de inter\u00e9s para ambas partes.<\/p>\n<p style=\"text-align: justify;\">Abordaron los peligrosos acontecimientos que presencia la regi\u00f3n \u00e1rabe debido a la escalada israel\u00ed sin precedentes en Palestina y el L\u00edbano, y sus repetidos ataques a territorio sirio.<\/p>\n<p style=\"text-align: justify;\">Subrayaron la necesidad de coordinar una acci\u00f3n \u00e1rabe conjunta para hacer frente a esta peligrosa escalada.<\/p>\n<p style=\"text-align: justify;\">Asimismo, Sabbagh analiz\u00f3 con el Ministro de Asuntos Exteriores argelino, Ahmed Attaf, la evoluci\u00f3n de las relaciones bilaterales entre los dos pa\u00edses y la importancia de activar<\/p>\n<p style=\"text-align: justify;\">\n<p style=\"text-align: justify;\">\u00a0el trabajo de los comit\u00e9s conjuntos.<\/p>\n<p style=\"text-align: justify;\">Los dos ministros afirmaban su compromiso de continuar la coordinaci\u00f3n y la consulta sobre todas las cuestiones de inter\u00e9s com\u00fan, especialmente en lo que respecta a los desaf\u00edos que enfrenta la regi\u00f3n \u00e1rabe por la continua y b\u00e1rbara agresi\u00f3n israel\u00ed contra pa\u00edses de la regi\u00f3n, incluida Siria.<\/p>\n<p style=\"text-align: justify;\">El ministro Sabbagh expres\u00f3 el reconocimiento de Siria por el importante papel desempe\u00f1ado por Argelia en virtud de su actual membres\u00eda en el Consejo de Seguridad en la defensa de las cuestiones \u00e1rabes.<\/p>\n<p style=\"text-align: justify;\">El Ministro argelino manifest\u00f3 el gran inter\u00e9s que su pa\u00eds concede a promover la cooperaci\u00f3n y la coordinaci\u00f3n entre ambos pa\u00edses en diversos \u00e1mbitos, especialmente en el econ\u00f3mico.<\/p>\n<p style=\"text-align: justify;\">El Ministro de Asuntos Exteriores y Expatriados se reuni\u00f3 con la ministra de Asuntos Exteriores de Uganda, Gigi Abubakar, cuyo pa\u00eds presidi\u00f3 la cumbre del Movimiento de Pa\u00edses No Alineados y el Grupo de los 77 y China, donde se destac\u00f3 la importancia del papel desempe\u00f1ado por los dos grupos en la defensa de las causas de los pa\u00edses en desarrollo y en la protecci\u00f3n de sus intereses.<\/p>\n<p style=\"text-align: justify;\">Los dos ministros destacaron la importancia de la unidad de estos dos importantes bloques para lograr los objetivos a los que aspiran.<\/p>\n<p style=\"text-align: justify;\">Durante la reuni\u00f3n, se discutieron aspectos del desarrollo y fortalecimiento de las relaciones bilaterales entre los dos pa\u00edses en diversos campos.<\/p>\n<p style=\"text-align: justify;\">fm\/ahs<\/p>\n<div id='gallery-1' class='gallery galleryid-339071 gallery-columns-1 gallery-size-full'><figure class='gallery-item'>\n\t\t\t<div class='gallery-icon landscape'>\n\t\t\t\t<a href='https:\/\/archive.sana.sy\/es\/wp-content\/uploads\/2024\/09\/photo_2024-09-26_19-40-03-copy-1.jpg'><img loading=\"lazy\" decoding=\"async\" width=\"660\" height=\"513\" src=\"https:\/\/archive.sana.sy\/es\/wp-content\/uploads\/2024\/09\/photo_2024-09-26_19-40-03-copy-1.jpg\" class=\"attachment-full size-full\" alt=\"\" srcset=\"https:\/\/archive.sana.sy\/es\/wp-content\/uploads\/2024\/09\/photo_2024-09-26_19-40-03-copy-1.jpg 660w, https:\/\/archive.sana.sy\/es\/wp-content\/uploads\/2024\/09\/photo_2024-09-26_19-40-03-copy-1-300x233.jpg 300w, https:\/\/archive.sana.sy\/es\/wp-content\/uploads\/2024\/09\/photo_2024-09-26_19-40-03-copy-1-150x117.jpg 150w\" sizes=\"(max-width: 660px) 100vw, 660px\" \/><\/a>\n\t\t\t<\/div><\/figure><figure class='gallery-item'>\n\t\t\t<div class='gallery-icon landscape'>\n\t\t\t\t<a href='https:\/\/archive.sana.sy\/es\/wp-content\/uploads\/2024\/09\/photo_2024-09-26_19-40-32-copy-1.jpg'><img loading=\"lazy\" decoding=\"async\" width=\"660\" height=\"460\" src=\"https:\/\/archive.sana.sy\/es\/wp-content\/uploads\/2024\/09\/photo_2024-09-26_19-40-32-copy-1.jpg\" class=\"attachment-full size-full\" alt=\"\" srcset=\"https:\/\/archive.sana.sy\/es\/wp-content\/uploads\/2024\/09\/photo_2024-09-26_19-40-32-copy-1.jpg 660w, https:\/\/archive.sana.sy\/es\/wp-content\/uploads\/2024\/09\/photo_2024-09-26_19-40-32-copy-1-300x209.jpg 300w, https:\/\/archive.sana.sy\/es\/wp-content\/uploads\/2024\/09\/photo_2024-09-26_19-40-32-copy-1-150x105.jpg 150w\" sizes=\"(max-width: 660px) 100vw, 660px\" \/><\/a>\n\t\t\t<\/div><\/figure><figure class='gallery-item'>\n\t\t\t<div class='gallery-icon landscape'>\n\t\t\t\t<a href='https:\/\/archive.sana.sy\/es\/wp-content\/uploads\/2024\/09\/photo_2024-09-26_19-40-59-copy-1.jpg'><img loading=\"lazy\" decoding=\"async\" width=\"660\" height=\"341\" src=\"https:\/\/archive.sana.sy\/es\/wp-content\/uploads\/2024\/09\/photo_2024-09-26_19-40-59-copy-1.jpg\" class=\"attachment-full size-full\" alt=\"\" srcset=\"https:\/\/archive.sana.sy\/es\/wp-content\/uploads\/2024\/09\/photo_2024-09-26_19-40-59-copy-1.jpg 660w, https:\/\/archive.sana.sy\/es\/wp-content\/uploads\/2024\/09\/photo_2024-09-26_19-40-59-copy-1-300x155.jpg 300w, https:\/\/archive.sana.sy\/es\/wp-content\/uploads\/2024\/09\/photo_2024-09-26_19-40-59-copy-1-150x78.jpg 150w\" sizes=\"(max-width: 660px) 100vw, 660px\" \/><\/a>\n\t\t\t<\/div><\/figure><figure class='gallery-item'>\n\t\t\t<div class='gallery-icon landscape'>\n\t\t\t\t<a href='https:\/\/archive.sana.sy\/es\/wp-content\/uploads\/2024\/09\/photo_2024-09-26_19-40-02-copy.jpg'><img loading=\"lazy\" decoding=\"async\" width=\"660\" height=\"507\" src=\"https:\/\/archive.sana.sy\/es\/wp-content\/uploads\/2024\/09\/photo_2024-09-26_19-40-02-copy.jpg\" class=\"attachment-full size-full\" alt=\"\" srcset=\"https:\/\/archive.sana.sy\/es\/wp-content\/uploads\/2024\/09\/photo_2024-09-26_19-40-02-copy.jpg 660w, https:\/\/archive.sana.sy\/es\/wp-content\/uploads\/2024\/09\/photo_2024-09-26_19-40-02-copy-300x230.jpg 300w, https:\/\/archive.sana.sy\/es\/wp-content\/uploads\/2024\/09\/photo_2024-09-26_19-40-02-copy-150x115.jpg 150w\" sizes=\"(max-width: 660px) 100vw, 660px\" \/><\/a>\n\t\t\t<\/div><\/figure>\n\t\t<\/div>\n\n","protected":false},"excerpt":{"rendered":"<p>Nueva York, 26 sep (SANA)\u00a0\u00a0 El ministro de Asuntos Exteriores y Emigrantes, Bassam Sabbagh, mantuvo reuniones con varios de sus hom\u00f3logos, durante la semana de alto nivel del 79\u00ba per\u00edodo de sesiones de la Asamblea General de las Naciones Unidas, en Nueva York. El canciller Sabbagh repas\u00f3 con su hom\u00f3logo iraqu\u00ed, Fouad Hussein, las formas &hellip;<\/p>\n","protected":false},"author":43,"featured_media":339072,"comment_status":"closed","ping_status":"closed","sticky":false,"template":"","format":"standard","meta":{"footnotes":""},"categories":[597,20724,476,467,583],"tags":[],"class_list":["post-339071","post","type-post","status-publish","format-standard","has-post-thumbnail","","category-cinta-de-noticias","category-minuto-a-minuto","category-locales","category-siria-y-el-mundo","category-slide"],"_links":{"self":[{"href":"https:\/\/archive.sana.sy\/es\/index.php?rest_route=\/wp\/v2\/posts\/339071"}],"collection":[{"href":"https:\/\/archive.sana.sy\/es\/index.php?rest_route=\/wp\/v2\/posts"}],"about":[{"href":"https:\/\/archive.sana.sy\/es\/index.php?rest_route=\/wp\/v2\/types\/post"}],"author":[{"embeddable":true,"href":"https:\/\/archive.sana.sy\/es\/index.php?rest_route=\/wp\/v2\/users\/43"}],"replies":[{"embeddable":true,"href":"https:\/\/archive.sana.sy\/es\/index.php?rest_route=%2Fwp%2Fv2%2Fcomments&post=339071"}],"version-history":[{"count":2,"href":"https:\/\/archive.sana.sy\/es\/index.php?rest_route=\/wp\/v2\/posts\/339071\/revisions"}],"predecessor-version":[{"id":339081,"href":"https:\/\/archive.sana.sy\/es\/index.php?rest_route=\/wp\/v2\/posts\/339071\/revisions\/339081"}],"wp:featuredmedia":[{"embeddable":true,"href":"https:\/\/archive.sana.sy\/es\/index.php?rest_route=\/wp\/v2\/media\/339072"}],"wp:attachment":[{"href":"https:\/\/archive.sana.sy\/es\/index.php?rest_route=%2Fwp%2Fv2%2Fmedia&parent=339071"}],"wp:term":[{"taxonomy":"category","embeddable":true,"href":"https:\/\/archive.sana.sy\/es\/index.php?rest_route=%2Fwp%2Fv2%2Fcategories&post=339071"},{"taxonomy":"post_tag","embeddable":true,"href":"https:\/\/archive.sana.sy\/es\/index.php?rest_route=%2Fwp%2Fv2%2Ftags&post=339071"}],"curies":[{"name":"wp","href":"https:\/\/api.w.org\/{rel}","templated":true}]}}