{"id":339085,"date":"2024-09-26T21:17:12","date_gmt":"2024-09-26T18:17:12","guid":{"rendered":"https:\/\/sana.sy\/es\/?p=339085"},"modified":"2024-09-26T21:17:12","modified_gmt":"2024-09-26T18:17:12","slug":"damasco-condena-desprecio-de-israel-por-el-derecho-internacional","status":"publish","type":"post","link":"https:\/\/archive.sana.sy\/es\/?p=339085","title":{"rendered":"Damasco condena desprecio de \u201cIsrael\u201d por el derecho internacional"},"content":{"rendered":"<p style=\"text-align: justify;\"><span style=\"color: #800000;\"><strong>Damasco, 26 sep (SANA)<\/strong><\/span>\u00a0 El Gobierno sirio afirm\u00f3 que la condenada y denunciada agresi\u00f3n del ocupante israel\u00ed contra el hermano L\u00edbano y los pa\u00edses de la regi\u00f3n refleja la continuidad de la mentalidad sangrienta y criminal de Israel y su desprecio por el derecho internacional y los instrumentos de derechos humanos.<\/p>\n<p style=\"text-align: justify;\">El Ministerio de Asuntos Exteriores y Expatriados indic\u00f3 en un comunicado, que la agresi\u00f3n israel\u00ed contra el hermano L\u00edbano y los pa\u00edses de la regi\u00f3n contin\u00faa, y la maquinaria asesina israel\u00ed contin\u00faa expandiendo el c\u00edrculo de su b\u00e1rbara agresi\u00f3n apuntando contra los desplazados que huyen en masa hacia los cruces fronterizos.<\/p>\n<p style=\"text-align: justify;\">Hoy, Israel atac\u00f3 el cruce fronterizo de Mattarba con el L\u00edbano provocando lesiones a varias personas apenas unas horas despu\u00e9s del ataque a la regi\u00f3n libanesa de Younine, que provoc\u00f3 la muerte de 23 refugiados sirios, la mayor\u00eda de ellos mujeres y ni\u00f1os, indic\u00f3 el texto de la nota de Canciller\u00eda.<\/p>\n<p style=\"text-align: justify;\">Asegur\u00f3 que estas agresiones comprueban una vez m\u00e1s el desprecio de la entidad de ocupaci\u00f3n por el derecho internacional y el derecho internacional.<\/p>\n<p style=\"text-align: justify;\">fm\/ahs<\/p>\n","protected":false},"excerpt":{"rendered":"<p>Damasco, 26 sep (SANA)\u00a0 El Gobierno sirio afirm\u00f3 que la condenada y denunciada agresi\u00f3n del ocupante israel\u00ed contra el hermano L\u00edbano y los pa\u00edses de la regi\u00f3n refleja la continuidad de la mentalidad sangrienta y criminal de Israel y su desprecio por el derecho internacional y los instrumentos de derechos humanos. El Ministerio de Asuntos &hellip;<\/p>\n","protected":false},"author":43,"featured_media":339086,"comment_status":"closed","ping_status":"closed","sticky":false,"template":"","format":"standard","meta":{"footnotes":""},"categories":[597,456,20724,467,7541],"tags":[],"class_list":["post-339085","post","type-post","status-publish","format-standard","has-post-thumbnail","","category-cinta-de-noticias","category-arabe-internacional-politica","category-minuto-a-minuto","category-siria-y-el-mundo","category-ultimas-noticias"],"_links":{"self":[{"href":"https:\/\/archive.sana.sy\/es\/index.php?rest_route=\/wp\/v2\/posts\/339085"}],"collection":[{"href":"https:\/\/archive.sana.sy\/es\/index.php?rest_route=\/wp\/v2\/posts"}],"about":[{"href":"https:\/\/archive.sana.sy\/es\/index.php?rest_route=\/wp\/v2\/types\/post"}],"author":[{"embeddable":true,"href":"https:\/\/archive.sana.sy\/es\/index.php?rest_route=\/wp\/v2\/users\/43"}],"replies":[{"embeddable":true,"href":"https:\/\/archive.sana.sy\/es\/index.php?rest_route=%2Fwp%2Fv2%2Fcomments&post=339085"}],"version-history":[{"count":1,"href":"https:\/\/archive.sana.sy\/es\/index.php?rest_route=\/wp\/v2\/posts\/339085\/revisions"}],"predecessor-version":[{"id":339087,"href":"https:\/\/archive.sana.sy\/es\/index.php?rest_route=\/wp\/v2\/posts\/339085\/revisions\/339087"}],"wp:featuredmedia":[{"embeddable":true,"href":"https:\/\/archive.sana.sy\/es\/index.php?rest_route=\/wp\/v2\/media\/339086"}],"wp:attachment":[{"href":"https:\/\/archive.sana.sy\/es\/index.php?rest_route=%2Fwp%2Fv2%2Fmedia&parent=339085"}],"wp:term":[{"taxonomy":"category","embeddable":true,"href":"https:\/\/archive.sana.sy\/es\/index.php?rest_route=%2Fwp%2Fv2%2Fcategories&post=339085"},{"taxonomy":"post_tag","embeddable":true,"href":"https:\/\/archive.sana.sy\/es\/index.php?rest_route=%2Fwp%2Fv2%2Ftags&post=339085"}],"curies":[{"name":"wp","href":"https:\/\/api.w.org\/{rel}","templated":true}]}}