{"id":339088,"date":"2024-09-27T09:46:13","date_gmt":"2024-09-27T06:46:13","guid":{"rendered":"https:\/\/sana.sy\/es\/?p=339088"},"modified":"2024-09-27T09:46:45","modified_gmt":"2024-09-27T06:46:45","slug":"ministro-de-exteriores-de-arabia-saudita-felicita-al-vicepresidente-de-siria-por-su-nuevo-cargo","status":"publish","type":"post","link":"https:\/\/archive.sana.sy\/es\/?p=339088","title":{"rendered":"Ministro de Exteriores de Arabia Saudita felicita al vicepresidente de Siria por su nuevo cargo"},"content":{"rendered":"<p style=\"text-align: justify;\"><span style=\"color: #800000;\"><strong>Damasco, 27 sep (SANA)<\/strong> <\/span>El ex ministro de Exteriores de Siria, Faisal al-Mekdad recibi\u00f3 este jueves una llamada telef\u00f3nica del pr\u00edncipe Faisal bin Farhan Al Saud, ministro de Relaciones Exteriores de Arabia Saudita, quien lo felicit\u00f3 por asumir su nuevo puesto como vicepresidente de la Rep\u00fablica.<\/p>\n<p style=\"text-align: justify;\">Bin Farhan expres\u00f3 el inter\u00e9s de Arabia Saudita en fortalecer las relaciones entre ambos pa\u00edses hermanos y le dese\u00f3 a al-Mekdad \u00e9xito en sus nuevas responsabilidades.<\/p>\n<p style=\"text-align: justify;\">Por su parte, al-Mekdad agradeci\u00f3 la felicitaci\u00f3n del canciller Bin Farhan y destac\u00f3 los esfuerzos conjuntos de los l\u00edderes de ambos pa\u00edses para enfrentar los desaf\u00edos comunes.<\/p>\n<p style=\"text-align: justify;\"><em><strong>ah<\/strong><\/em><\/p>\n","protected":false},"excerpt":{"rendered":"<p>Damasco, 27 sep (SANA) El ex ministro de Exteriores de Siria, Faisal al-Mekdad recibi\u00f3 este jueves una llamada telef\u00f3nica del pr\u00edncipe Faisal bin Farhan Al Saud, ministro de Relaciones Exteriores de Arabia Saudita, quien lo felicit\u00f3 por asumir su nuevo puesto como vicepresidente de la Rep\u00fablica. Bin Farhan expres\u00f3 el inter\u00e9s de Arabia Saudita en &hellip;<\/p>\n","protected":false},"author":30,"featured_media":339090,"comment_status":"closed","ping_status":"closed","sticky":false,"template":"","format":"standard","meta":{"footnotes":""},"categories":[597,20724,467,7541],"tags":[],"class_list":["post-339088","post","type-post","status-publish","format-standard","has-post-thumbnail","","category-cinta-de-noticias","category-minuto-a-minuto","category-siria-y-el-mundo","category-ultimas-noticias"],"_links":{"self":[{"href":"https:\/\/archive.sana.sy\/es\/index.php?rest_route=\/wp\/v2\/posts\/339088"}],"collection":[{"href":"https:\/\/archive.sana.sy\/es\/index.php?rest_route=\/wp\/v2\/posts"}],"about":[{"href":"https:\/\/archive.sana.sy\/es\/index.php?rest_route=\/wp\/v2\/types\/post"}],"author":[{"embeddable":true,"href":"https:\/\/archive.sana.sy\/es\/index.php?rest_route=\/wp\/v2\/users\/30"}],"replies":[{"embeddable":true,"href":"https:\/\/archive.sana.sy\/es\/index.php?rest_route=%2Fwp%2Fv2%2Fcomments&post=339088"}],"version-history":[{"count":1,"href":"https:\/\/archive.sana.sy\/es\/index.php?rest_route=\/wp\/v2\/posts\/339088\/revisions"}],"predecessor-version":[{"id":339089,"href":"https:\/\/archive.sana.sy\/es\/index.php?rest_route=\/wp\/v2\/posts\/339088\/revisions\/339089"}],"wp:featuredmedia":[{"embeddable":true,"href":"https:\/\/archive.sana.sy\/es\/index.php?rest_route=\/wp\/v2\/media\/339090"}],"wp:attachment":[{"href":"https:\/\/archive.sana.sy\/es\/index.php?rest_route=%2Fwp%2Fv2%2Fmedia&parent=339088"}],"wp:term":[{"taxonomy":"category","embeddable":true,"href":"https:\/\/archive.sana.sy\/es\/index.php?rest_route=%2Fwp%2Fv2%2Fcategories&post=339088"},{"taxonomy":"post_tag","embeddable":true,"href":"https:\/\/archive.sana.sy\/es\/index.php?rest_route=%2Fwp%2Fv2%2Ftags&post=339088"}],"curies":[{"name":"wp","href":"https:\/\/api.w.org\/{rel}","templated":true}]}}