{"id":339115,"date":"2024-09-27T16:08:56","date_gmt":"2024-09-27T13:08:56","guid":{"rendered":"https:\/\/sana.sy\/es\/?p=339115"},"modified":"2024-09-27T16:08:56","modified_gmt":"2024-09-27T13:08:56","slug":"gobernador-de-damasco-campo-visita-en-sayeda-zeinab-a-familias-libanesas-desplazadas","status":"publish","type":"post","link":"https:\/\/archive.sana.sy\/es\/?p=339115","title":{"rendered":"Gobernador de Damasco-campo visita en Sayeda Zeinab, a familias libanesas desplazadas"},"content":{"rendered":"<p style=\"text-align: justify;\"><span style=\"color: #800000;\"><strong>Damasco campo, 27 sep (SANA) <\/strong><\/span>El gobernador de Damasco-campo, Ahmed Khalil, visit\u00f3 a varias familias libanesas que llegaron recientemente a Siria tras la agresi\u00f3n fascista israel\u00ed contra el hermano L\u00edbano.<\/p>\n<p style=\"text-align: justify;\">La visita del alto funcionario abarc\u00f3 a los centros donde est\u00e1n albergados estos desplazados, en la ciudad de Sayeda Zeinab, a unos 10 kil\u00f3metros al sur de la ciudad de Damasco.<\/p>\n<p style=\"text-align: justify;\">\u201cSiria siempre ha estado junto a los libaneses en todos los momentos y circunstancias, y no abandonar\u00e1 su deber fraternal hacia ellos\u201d, dijo el Gobernador.<\/p>\n<p style=\"text-align: justify;\">Agreg\u00f3 que los hogares de los sirios est\u00e1n abiertos a los hermanos libaneses y que las dif\u00edciles condiciones por las que atraviesan los sirios no les disuadir\u00e1n de cumplir este deber.<\/p>\n<p style=\"text-align: justify;\">Revel\u00f3 que se dieron instrucciones para efectuar una respuesta r\u00e1pida a las situaciones de emergencia, brindar todo el apoyo y asistencia a quienes llegan del hermano L\u00edbano,\u00a0 ofrecer una atenci\u00f3n especial a los ancianos y ni\u00f1os, y proporcionar urgentemente suministros sanitarios, alimentarios y satisfacer todas sus necesidades b\u00e1sicas.<\/p>\n<p style=\"text-align: justify;\">Varios libaneses expresaron su gratitud al Estado sirio por todos los esfuerzos que est\u00e1 haciendo para satisfacer sus necesidades, y manifestaron que sintieron una peculiar atenci\u00f3n desde el primer momento de su llegada a Siria.<\/p>\n<p style=\"text-align: justify;\">Enfatizaron que Siria y L\u00edbano enfrentan el mismo enemigo y que la victoria es inevitable y ser\u00e1 pronta.<\/p>\n<p>ahs\/fm<\/p>\n<div id='gallery-1' class='gallery galleryid-339115 gallery-columns-1 gallery-size-full'><figure class='gallery-item'>\n\t\t\t<div class='gallery-icon landscape'>\n\t\t\t\t<a href='https:\/\/archive.sana.sy\/es\/wp-content\/uploads\/2024\/09\/22-9.jpg'><img loading=\"lazy\" decoding=\"async\" width=\"660\" height=\"440\" src=\"https:\/\/archive.sana.sy\/es\/wp-content\/uploads\/2024\/09\/22-9.jpg\" class=\"attachment-full size-full\" alt=\"\" srcset=\"https:\/\/archive.sana.sy\/es\/wp-content\/uploads\/2024\/09\/22-9.jpg 660w, https:\/\/archive.sana.sy\/es\/wp-content\/uploads\/2024\/09\/22-9-300x200.jpg 300w, https:\/\/archive.sana.sy\/es\/wp-content\/uploads\/2024\/09\/22-9-150x100.jpg 150w\" sizes=\"(max-width: 660px) 100vw, 660px\" \/><\/a>\n\t\t\t<\/div><\/figure><figure class='gallery-item'>\n\t\t\t<div class='gallery-icon landscape'>\n\t\t\t\t<a href='https:\/\/archive.sana.sy\/es\/wp-content\/uploads\/2024\/09\/21-3.jpg'><img loading=\"lazy\" decoding=\"async\" width=\"660\" height=\"440\" src=\"https:\/\/archive.sana.sy\/es\/wp-content\/uploads\/2024\/09\/21-3.jpg\" class=\"attachment-full size-full\" alt=\"\" srcset=\"https:\/\/archive.sana.sy\/es\/wp-content\/uploads\/2024\/09\/21-3.jpg 660w, https:\/\/archive.sana.sy\/es\/wp-content\/uploads\/2024\/09\/21-3-300x200.jpg 300w, https:\/\/archive.sana.sy\/es\/wp-content\/uploads\/2024\/09\/21-3-150x100.jpg 150w\" sizes=\"(max-width: 660px) 100vw, 660px\" \/><\/a>\n\t\t\t<\/div><\/figure><figure class='gallery-item'>\n\t\t\t<div class='gallery-icon landscape'>\n\t\t\t\t<a href='https:\/\/archive.sana.sy\/es\/wp-content\/uploads\/2024\/09\/20-3.jpg'><img loading=\"lazy\" decoding=\"async\" width=\"660\" height=\"440\" src=\"https:\/\/archive.sana.sy\/es\/wp-content\/uploads\/2024\/09\/20-3.jpg\" class=\"attachment-full size-full\" alt=\"\" srcset=\"https:\/\/archive.sana.sy\/es\/wp-content\/uploads\/2024\/09\/20-3.jpg 660w, https:\/\/archive.sana.sy\/es\/wp-content\/uploads\/2024\/09\/20-3-300x200.jpg 300w, https:\/\/archive.sana.sy\/es\/wp-content\/uploads\/2024\/09\/20-3-150x100.jpg 150w\" sizes=\"(max-width: 660px) 100vw, 660px\" \/><\/a>\n\t\t\t<\/div><\/figure><figure class='gallery-item'>\n\t\t\t<div class='gallery-icon landscape'>\n\t\t\t\t<a href='https:\/\/archive.sana.sy\/es\/wp-content\/uploads\/2024\/09\/10-8.jpg'><img loading=\"lazy\" decoding=\"async\" width=\"660\" height=\"440\" src=\"https:\/\/archive.sana.sy\/es\/wp-content\/uploads\/2024\/09\/10-8.jpg\" class=\"attachment-full size-full\" alt=\"\" srcset=\"https:\/\/archive.sana.sy\/es\/wp-content\/uploads\/2024\/09\/10-8.jpg 660w, https:\/\/archive.sana.sy\/es\/wp-content\/uploads\/2024\/09\/10-8-300x200.jpg 300w, https:\/\/archive.sana.sy\/es\/wp-content\/uploads\/2024\/09\/10-8-150x100.jpg 150w\" sizes=\"(max-width: 660px) 100vw, 660px\" \/><\/a>\n\t\t\t<\/div><\/figure>\n\t\t<\/div>\n\n","protected":false},"excerpt":{"rendered":"<p>Damasco campo, 27 sep (SANA) El gobernador de Damasco-campo, Ahmed Khalil, visit\u00f3 a varias familias libanesas que llegaron recientemente a Siria tras la agresi\u00f3n fascista israel\u00ed contra el hermano L\u00edbano. La visita del alto funcionario abarc\u00f3 a los centros donde est\u00e1n albergados estos desplazados, en la ciudad de Sayeda Zeinab, a unos 10 kil\u00f3metros al &hellip;<\/p>\n","protected":false},"author":43,"featured_media":339116,"comment_status":"closed","ping_status":"closed","sticky":false,"template":"","format":"standard","meta":{"footnotes":""},"categories":[597,20724,476,7541],"tags":[],"class_list":["post-339115","post","type-post","status-publish","format-standard","has-post-thumbnail","","category-cinta-de-noticias","category-minuto-a-minuto","category-locales","category-ultimas-noticias"],"_links":{"self":[{"href":"https:\/\/archive.sana.sy\/es\/index.php?rest_route=\/wp\/v2\/posts\/339115"}],"collection":[{"href":"https:\/\/archive.sana.sy\/es\/index.php?rest_route=\/wp\/v2\/posts"}],"about":[{"href":"https:\/\/archive.sana.sy\/es\/index.php?rest_route=\/wp\/v2\/types\/post"}],"author":[{"embeddable":true,"href":"https:\/\/archive.sana.sy\/es\/index.php?rest_route=\/wp\/v2\/users\/43"}],"replies":[{"embeddable":true,"href":"https:\/\/archive.sana.sy\/es\/index.php?rest_route=%2Fwp%2Fv2%2Fcomments&post=339115"}],"version-history":[{"count":1,"href":"https:\/\/archive.sana.sy\/es\/index.php?rest_route=\/wp\/v2\/posts\/339115\/revisions"}],"predecessor-version":[{"id":339121,"href":"https:\/\/archive.sana.sy\/es\/index.php?rest_route=\/wp\/v2\/posts\/339115\/revisions\/339121"}],"wp:featuredmedia":[{"embeddable":true,"href":"https:\/\/archive.sana.sy\/es\/index.php?rest_route=\/wp\/v2\/media\/339116"}],"wp:attachment":[{"href":"https:\/\/archive.sana.sy\/es\/index.php?rest_route=%2Fwp%2Fv2%2Fmedia&parent=339115"}],"wp:term":[{"taxonomy":"category","embeddable":true,"href":"https:\/\/archive.sana.sy\/es\/index.php?rest_route=%2Fwp%2Fv2%2Fcategories&post=339115"},{"taxonomy":"post_tag","embeddable":true,"href":"https:\/\/archive.sana.sy\/es\/index.php?rest_route=%2Fwp%2Fv2%2Ftags&post=339115"}],"curies":[{"name":"wp","href":"https:\/\/api.w.org\/{rel}","templated":true}]}}