{"id":339134,"date":"2024-09-27T18:49:30","date_gmt":"2024-09-27T15:49:30","guid":{"rendered":"https:\/\/sana.sy\/es\/?p=339134"},"modified":"2024-09-27T18:49:30","modified_gmt":"2024-09-27T15:49:30","slug":"fuerzas-yemenies-atacan-a-tres-destructores-de-eeuu-en-el-mar-rojo","status":"publish","type":"post","link":"https:\/\/archive.sana.sy\/es\/?p=339134","title":{"rendered":"Fuerzas yemen\u00edes atacan a tres destructores de EEUU en el Mar Rojo"},"content":{"rendered":"<p style=\"text-align: justify;\"><strong><span style=\"color: #800000;\">San\u00e1, 27 sep (SANA)<\/span> <\/strong>Las Fuerzas Armadas de Yemen anunciaron hoy haber atacado a tres destructores de guerra estadounidenses en el Mar Rojo con 23 misiles bal\u00edsticos y de crucero y un dron, y se\u00f1alaron que la operaci\u00f3n logr\u00f3 impactos directos en los blancos.<\/p>\n<p style=\"text-align: justify;\">\u201cEn apoyo al pueblo palestino y a nuestros hermanos en Gaza y el L\u00edbano, y en respuesta a la agresi\u00f3n estadounidense-brit\u00e1nica contra Yemen, las fuerzas armadas llevaron a cabo una operaci\u00f3n militar en la que atacaron a tres destructores de guerra estadounidenses en el Mar Rojo, cuando se dirig\u00edan para apoyar\u00a0 al enemigo israel\u00ed\u201d, inform\u00f3 el portavoz de las Fuerzas Armadas de Yemen, el general de brigada Yahya Saree.<\/p>\n<p style=\"text-align: justify;\">El comandante militar yemen\u00ed se\u00f1al\u00f3 que esta operaci\u00f3n naval es la mayor de las fuerzas armadas yemen\u00edes, y coincidi\u00f3 con la operaci\u00f3n dirigida a atacar las profundidades de la entidad sionista en los territorios ocupados de Yafa y Ashkelon, con un misil hipers\u00f3nico \u201cPalestina II\u201d y un dron \u201cYafa\u201d.<\/p>\n<p>ahs\/\/fm<\/p>\n","protected":false},"excerpt":{"rendered":"<p>San\u00e1, 27 sep (SANA) Las Fuerzas Armadas de Yemen anunciaron hoy haber atacado a tres destructores de guerra estadounidenses en el Mar Rojo con 23 misiles bal\u00edsticos y de crucero y un dron, y se\u00f1alaron que la operaci\u00f3n logr\u00f3 impactos directos en los blancos. \u201cEn apoyo al pueblo palestino y a nuestros hermanos en Gaza &hellip;<\/p>\n","protected":false},"author":43,"featured_media":339135,"comment_status":"closed","ping_status":"closed","sticky":false,"template":"","format":"standard","meta":{"footnotes":""},"categories":[597,456,16687,20724,7541],"tags":[],"class_list":["post-339134","post","type-post","status-publish","format-standard","has-post-thumbnail","","category-cinta-de-noticias","category-arabe-internacional-politica","category-internacionales","category-minuto-a-minuto","category-ultimas-noticias"],"_links":{"self":[{"href":"https:\/\/archive.sana.sy\/es\/index.php?rest_route=\/wp\/v2\/posts\/339134"}],"collection":[{"href":"https:\/\/archive.sana.sy\/es\/index.php?rest_route=\/wp\/v2\/posts"}],"about":[{"href":"https:\/\/archive.sana.sy\/es\/index.php?rest_route=\/wp\/v2\/types\/post"}],"author":[{"embeddable":true,"href":"https:\/\/archive.sana.sy\/es\/index.php?rest_route=\/wp\/v2\/users\/43"}],"replies":[{"embeddable":true,"href":"https:\/\/archive.sana.sy\/es\/index.php?rest_route=%2Fwp%2Fv2%2Fcomments&post=339134"}],"version-history":[{"count":1,"href":"https:\/\/archive.sana.sy\/es\/index.php?rest_route=\/wp\/v2\/posts\/339134\/revisions"}],"predecessor-version":[{"id":339136,"href":"https:\/\/archive.sana.sy\/es\/index.php?rest_route=\/wp\/v2\/posts\/339134\/revisions\/339136"}],"wp:featuredmedia":[{"embeddable":true,"href":"https:\/\/archive.sana.sy\/es\/index.php?rest_route=\/wp\/v2\/media\/339135"}],"wp:attachment":[{"href":"https:\/\/archive.sana.sy\/es\/index.php?rest_route=%2Fwp%2Fv2%2Fmedia&parent=339134"}],"wp:term":[{"taxonomy":"category","embeddable":true,"href":"https:\/\/archive.sana.sy\/es\/index.php?rest_route=%2Fwp%2Fv2%2Fcategories&post=339134"},{"taxonomy":"post_tag","embeddable":true,"href":"https:\/\/archive.sana.sy\/es\/index.php?rest_route=%2Fwp%2Fv2%2Ftags&post=339134"}],"curies":[{"name":"wp","href":"https:\/\/api.w.org\/{rel}","templated":true}]}}