{"id":339137,"date":"2024-09-27T19:14:13","date_gmt":"2024-09-27T16:14:13","guid":{"rendered":"https:\/\/sana.sy\/es\/?p=339137"},"modified":"2024-09-27T19:14:13","modified_gmt":"2024-09-27T16:14:13","slug":"en-apoyo-a-gaza-y-el-libano-manifestaciones-masivas-en-ciudades-iranies","status":"publish","type":"post","link":"https:\/\/archive.sana.sy\/es\/?p=339137","title":{"rendered":"En apoyo a Gaza y el L\u00edbano, manifestaciones masivas en ciudades iran\u00edes"},"content":{"rendered":"<p style=\"text-align: justify;\"><span style=\"color: #800000;\"><strong>Teher\u00e1n, 27 sep (SANA)<\/strong><\/span> El pueblo iran\u00ed sali\u00f3 a las calles en varias ciudades en marchas masivas para denunciar los brutales cr\u00edmenes cometidos por Israel contra el L\u00edbano y la Franja de Gaza.<\/p>\n<p style=\"text-align: justify;\">Los participantes expresaron en un comunicado su apoyo a la resistencia en el L\u00edbano como una fuerza eficaz para enfrentar la agresi\u00f3n fascista y destacaron que el Frente de Resistencia continuar\u00e1 con todas sus potencias para afrontar al enemigo sionista.<\/p>\n<p style=\"text-align: justify;\">En sus declaraciones, advirtieron a las Naciones Unidas y a las organizaciones internacionales sobre las repercusiones de los cr\u00edmenes sionistas en la seguridad y estabilidad en la regi\u00f3n y en el mundo en general.<\/p>\n<p style=\"text-align: justify;\">Los manifestantes pidieron medidas para detener la agresi\u00f3n y poner fin a la pesadilla de inseguridad que permanece desde hace m\u00e1s setenta a\u00f1os.<\/p>\n<p style=\"text-align: justify;\">En su declaraci\u00f3n final, los participantes subrayaron que la agresi\u00f3n generalizada contra el L\u00edbano y Gaza y que el derramamiento de sangre de miles de personas inocentes y el asesinato de l\u00edderes no pasar\u00e1n sin una respuesta.<\/p>\n<p>ahs\/\/fm<\/p>\n","protected":false},"excerpt":{"rendered":"<p>Teher\u00e1n, 27 sep (SANA) El pueblo iran\u00ed sali\u00f3 a las calles en varias ciudades en marchas masivas para denunciar los brutales cr\u00edmenes cometidos por Israel contra el L\u00edbano y la Franja de Gaza. Los participantes expresaron en un comunicado su apoyo a la resistencia en el L\u00edbano como una fuerza eficaz para enfrentar la agresi\u00f3n &hellip;<\/p>\n","protected":false},"author":43,"featured_media":339138,"comment_status":"closed","ping_status":"closed","sticky":false,"template":"","format":"standard","meta":{"footnotes":""},"categories":[597,456,16687,20724,7541],"tags":[],"class_list":["post-339137","post","type-post","status-publish","format-standard","has-post-thumbnail","","category-cinta-de-noticias","category-arabe-internacional-politica","category-internacionales","category-minuto-a-minuto","category-ultimas-noticias"],"_links":{"self":[{"href":"https:\/\/archive.sana.sy\/es\/index.php?rest_route=\/wp\/v2\/posts\/339137"}],"collection":[{"href":"https:\/\/archive.sana.sy\/es\/index.php?rest_route=\/wp\/v2\/posts"}],"about":[{"href":"https:\/\/archive.sana.sy\/es\/index.php?rest_route=\/wp\/v2\/types\/post"}],"author":[{"embeddable":true,"href":"https:\/\/archive.sana.sy\/es\/index.php?rest_route=\/wp\/v2\/users\/43"}],"replies":[{"embeddable":true,"href":"https:\/\/archive.sana.sy\/es\/index.php?rest_route=%2Fwp%2Fv2%2Fcomments&post=339137"}],"version-history":[{"count":1,"href":"https:\/\/archive.sana.sy\/es\/index.php?rest_route=\/wp\/v2\/posts\/339137\/revisions"}],"predecessor-version":[{"id":339139,"href":"https:\/\/archive.sana.sy\/es\/index.php?rest_route=\/wp\/v2\/posts\/339137\/revisions\/339139"}],"wp:featuredmedia":[{"embeddable":true,"href":"https:\/\/archive.sana.sy\/es\/index.php?rest_route=\/wp\/v2\/media\/339138"}],"wp:attachment":[{"href":"https:\/\/archive.sana.sy\/es\/index.php?rest_route=%2Fwp%2Fv2%2Fmedia&parent=339137"}],"wp:term":[{"taxonomy":"category","embeddable":true,"href":"https:\/\/archive.sana.sy\/es\/index.php?rest_route=%2Fwp%2Fv2%2Fcategories&post=339137"},{"taxonomy":"post_tag","embeddable":true,"href":"https:\/\/archive.sana.sy\/es\/index.php?rest_route=%2Fwp%2Fv2%2Ftags&post=339137"}],"curies":[{"name":"wp","href":"https:\/\/api.w.org\/{rel}","templated":true}]}}