{"id":339140,"date":"2024-09-27T19:44:54","date_gmt":"2024-09-27T16:44:54","guid":{"rendered":"https:\/\/sana.sy\/es\/?p=339140"},"modified":"2024-09-27T19:44:54","modified_gmt":"2024-09-27T16:44:54","slug":"canciller-sirio-sostiene-en-nueva-york-conversaciones-con-sus-homologos-de-brasil-y-serbia","status":"publish","type":"post","link":"https:\/\/archive.sana.sy\/es\/?p=339140","title":{"rendered":"Canciller sirio sostiene en Nueva York conversaciones con sus hom\u00f3logos de Brasil y Serbia"},"content":{"rendered":"<p style=\"text-align: justify;\"><span style=\"color: #800000;\"><strong>Nueva York, 27 sep (SANA)\u00a0 \u00a0<\/strong><\/span>El ministro sirio de Asuntos Exteriores y Expatriados, Bassam Sabbagh, repas\u00f3 con su hom\u00f3logo brasile\u00f1o, Mauro Vieira, las v\u00edas para el fortalecimiento de las relaciones entre ambos pa\u00edses en todos los \u00e1mbitos de inter\u00e9s com\u00fan.<\/p>\n<p style=\"text-align: justify;\">En una reuni\u00f3n sostenida en la sede de la ONU en Nueva York, Sabbagh destac\u00f3 el papel creciente de Brasil en el campo multilateral, especialmente dentro del grupo BRICS, que presidir\u00e1 el pr\u00f3ximo a\u00f1o, y expreso el deseo de Siria de establecer cooperaci\u00f3n y asociaci\u00f3n con este importante bloque.<\/p>\n<p style=\"text-align: justify;\">Por su parte, Vieira elogi\u00f3 las relaciones hist\u00f3ricas que unen a los dos pa\u00edses y destac\u00f3 que Brasil residen muchas personas de origen sirio.<\/p>\n<p style=\"text-align: justify;\">Dijo que hay posibilidades de desarrollar y fortalecer los v\u00ednculos en muchos campos y expres\u00f3 su satisfacci\u00f3n por el nivel de cooperaci\u00f3n existente entre ambos pa\u00edses en el marco de las Naciones Unidas.<\/p>\n<p style=\"text-align: justify;\"><img loading=\"lazy\" decoding=\"async\" class=\"wp-image-339141 alignleft\" src=\"http:\/\/sana.sy\/es\/wp-content\/uploads\/2024\/09\/photo_2024-09-27_19-18-08.jpg\" alt=\"\" width=\"257\" height=\"210\" srcset=\"https:\/\/archive.sana.sy\/es\/wp-content\/uploads\/2024\/09\/photo_2024-09-27_19-18-08.jpg 660w, https:\/\/archive.sana.sy\/es\/wp-content\/uploads\/2024\/09\/photo_2024-09-27_19-18-08-300x245.jpg 300w, https:\/\/archive.sana.sy\/es\/wp-content\/uploads\/2024\/09\/photo_2024-09-27_19-18-08-150x123.jpg 150w\" sizes=\"(max-width: 257px) 100vw, 257px\" \/>El Canciller sirio particip\u00f3 en el acto organizado por el presidente serbio, Aleksandar Vucic, al margen de la Asamblea General, dedicado a presentar la visi\u00f3n del Gobierno serbio para el futuro del pa\u00eds y su renacimiento, y que refleja los esfuerzos realizados por el Gobierno serbio para desarrollar el pa\u00eds y lograr avances en el campo de la ciencia y las tecnolog\u00edas modernas.<\/p>\n<p style=\"text-align: justify;\">El ministro serbio de Asuntos Exteriores, Marko Djuric, dijo durante su reuni\u00f3n con el jefe de la diplomacia siria, que su pa\u00eds desea fortalecer las relaciones en diversos \u00e1mbitos.<\/p>\n<p style=\"text-align: justify;\">Elogi\u00f3 la cooperaci\u00f3n existente y el apoyo mutuo en los foros internacionales, y expres\u00f3 su determinaci\u00f3n de intensificar las rondas peri\u00f3dicas de consultas entre los dos pa\u00edses.<\/p>\n<p style=\"text-align: justify;\">fm<\/p>\n","protected":false},"excerpt":{"rendered":"<p>Nueva York, 27 sep (SANA)\u00a0 \u00a0El ministro sirio de Asuntos Exteriores y Expatriados, Bassam Sabbagh, repas\u00f3 con su hom\u00f3logo brasile\u00f1o, Mauro Vieira, las v\u00edas para el fortalecimiento de las relaciones entre ambos pa\u00edses en todos los \u00e1mbitos de inter\u00e9s com\u00fan. En una reuni\u00f3n sostenida en la sede de la ONU en Nueva York, Sabbagh destac\u00f3 &hellip;<\/p>\n","protected":false},"author":34,"featured_media":339142,"comment_status":"closed","ping_status":"closed","sticky":false,"template":"","format":"standard","meta":{"footnotes":""},"categories":[447,477,597,20724,476,467,583],"tags":[],"class_list":["post-339140","post","type-post","status-publish","format-standard","has-post-thumbnail","","category-local-politica","category-noticias-edulcorantes","category-cinta-de-noticias","category-minuto-a-minuto","category-locales","category-siria-y-el-mundo","category-slide"],"_links":{"self":[{"href":"https:\/\/archive.sana.sy\/es\/index.php?rest_route=\/wp\/v2\/posts\/339140"}],"collection":[{"href":"https:\/\/archive.sana.sy\/es\/index.php?rest_route=\/wp\/v2\/posts"}],"about":[{"href":"https:\/\/archive.sana.sy\/es\/index.php?rest_route=\/wp\/v2\/types\/post"}],"author":[{"embeddable":true,"href":"https:\/\/archive.sana.sy\/es\/index.php?rest_route=\/wp\/v2\/users\/34"}],"replies":[{"embeddable":true,"href":"https:\/\/archive.sana.sy\/es\/index.php?rest_route=%2Fwp%2Fv2%2Fcomments&post=339140"}],"version-history":[{"count":1,"href":"https:\/\/archive.sana.sy\/es\/index.php?rest_route=\/wp\/v2\/posts\/339140\/revisions"}],"predecessor-version":[{"id":339143,"href":"https:\/\/archive.sana.sy\/es\/index.php?rest_route=\/wp\/v2\/posts\/339140\/revisions\/339143"}],"wp:featuredmedia":[{"embeddable":true,"href":"https:\/\/archive.sana.sy\/es\/index.php?rest_route=\/wp\/v2\/media\/339142"}],"wp:attachment":[{"href":"https:\/\/archive.sana.sy\/es\/index.php?rest_route=%2Fwp%2Fv2%2Fmedia&parent=339140"}],"wp:term":[{"taxonomy":"category","embeddable":true,"href":"https:\/\/archive.sana.sy\/es\/index.php?rest_route=%2Fwp%2Fv2%2Fcategories&post=339140"},{"taxonomy":"post_tag","embeddable":true,"href":"https:\/\/archive.sana.sy\/es\/index.php?rest_route=%2Fwp%2Fv2%2Ftags&post=339140"}],"curies":[{"name":"wp","href":"https:\/\/api.w.org\/{rel}","templated":true}]}}