{"id":339144,"date":"2024-09-27T20:05:22","date_gmt":"2024-09-27T17:05:22","guid":{"rendered":"https:\/\/sana.sy\/es\/?p=339144"},"modified":"2024-09-27T20:05:22","modified_gmt":"2024-09-27T17:05:22","slug":"canciller-de-siria-recibe-a-la-presidenta-del-cicr-y-al-enviado-especial-de-la-onu","status":"publish","type":"post","link":"https:\/\/archive.sana.sy\/es\/?p=339144","title":{"rendered":"Canciller de Siria recibe a la presidenta del CICR y al enviado especial de la ONU"},"content":{"rendered":"<p style=\"text-align: justify;\"><span style=\"color: #800000;\"><strong>Nueva York, 27 sep (SANA)\u00a0<\/strong><\/span> El ministro sirio de Asuntos Exteriores y Expatriados, Bassam Sabbagh, sostuvo hoy un encuentro con\u00a0 la presidenta del Comit\u00e9 Internacional de la Cruz Roja (CICR), Mirjana Egger, con quien repas\u00f3 la cooperaci\u00f3n existente entre Siria y el Comit\u00e9, y las formas de fortalecerla para satisfacer mejor las crecientes necesidades humanitarias de los sirios.<\/p>\n<p style=\"text-align: justify;\">Sabbagh destac\u00f3 el importante papel humanitario desempe\u00f1ado por el CICR al apoyar los esfuerzos de mejorar la situaci\u00f3n humanitaria y de vida de los sirios, en particular sus esfuerzos por encontrar una soluci\u00f3n al problema del corte de agua en la gobernaci\u00f3n de Hasakeh, cuyo pueblo sufri\u00f3 de ello durante mucho tiempo.<\/p>\n<p style=\"text-align: justify;\">En este sentido, el Canciller rechaz\u00f3 la politizaci\u00f3n del expediente humanitario y la necesidad de que los donantes cumplan sus promesas financieras y permitir proporcionar la financiaci\u00f3n necesaria para las actividades humanitarias en Siria.<\/p>\n<p style=\"text-align: justify;\"><img loading=\"lazy\" decoding=\"async\" class=\"size-medium wp-image-339146 alignright\" src=\"http:\/\/sana.sy\/es\/wp-content\/uploads\/2024\/09\/photo_2024-09-27_20-02-08-300x190.jpg\" alt=\"\" width=\"300\" height=\"190\" srcset=\"https:\/\/archive.sana.sy\/es\/wp-content\/uploads\/2024\/09\/photo_2024-09-27_20-02-08-300x190.jpg 300w, https:\/\/archive.sana.sy\/es\/wp-content\/uploads\/2024\/09\/photo_2024-09-27_20-02-08-150x95.jpg 150w, https:\/\/archive.sana.sy\/es\/wp-content\/uploads\/2024\/09\/photo_2024-09-27_20-02-08.jpg 660w\" sizes=\"(max-width: 300px) 100vw, 300px\" \/>Asimismo, Sabbagh se reuni\u00f3 con Geir Pedersen, enviado especial del Secretario General de las Naciones Unidas a Siria, y discuti\u00f3 con \u00e9l aspectos relacionados con la implementaci\u00f3n de su mandato.<\/p>\n<p style=\"text-align: justify;\">El ministro sirio destac\u00f3 la necesidad de que las Naciones Unidas asuma sus responsabilidades respecto de las graves amenazas a la soberan\u00eda e integridad territorial de Siria representadas por la continua ocupaci\u00f3n israel\u00ed del Gol\u00e1n sirio, los continuos ataques de Israel contra el territorio sirio y tambi\u00e9n la presencia ilegal de Fuerzas estadounidenses y turcas en territorio sirio.<\/p>\n<p style=\"text-align: justify;\">Denunci\u00f3 los efectos desastrosos de las medidas coercitivas unilaterales impuestas por los pa\u00edses occidentales a Siria, que constituyen un obst\u00e1culo para mejorar la situaci\u00f3n humanitaria y de vida de los sirios.<\/p>\n<p>fm\/ahs<\/p>\n","protected":false},"excerpt":{"rendered":"<p>Nueva York, 27 sep (SANA)\u00a0 El ministro sirio de Asuntos Exteriores y Expatriados, Bassam Sabbagh, sostuvo hoy un encuentro con\u00a0 la presidenta del Comit\u00e9 Internacional de la Cruz Roja (CICR), Mirjana Egger, con quien repas\u00f3 la cooperaci\u00f3n existente entre Siria y el Comit\u00e9, y las formas de fortalecerla para satisfacer mejor las crecientes necesidades humanitarias &hellip;<\/p>\n","protected":false},"author":43,"featured_media":339145,"comment_status":"closed","ping_status":"closed","sticky":false,"template":"","format":"standard","meta":{"footnotes":""},"categories":[597,20724,467,7541],"tags":[],"class_list":["post-339144","post","type-post","status-publish","format-standard","has-post-thumbnail","","category-cinta-de-noticias","category-minuto-a-minuto","category-siria-y-el-mundo","category-ultimas-noticias"],"_links":{"self":[{"href":"https:\/\/archive.sana.sy\/es\/index.php?rest_route=\/wp\/v2\/posts\/339144"}],"collection":[{"href":"https:\/\/archive.sana.sy\/es\/index.php?rest_route=\/wp\/v2\/posts"}],"about":[{"href":"https:\/\/archive.sana.sy\/es\/index.php?rest_route=\/wp\/v2\/types\/post"}],"author":[{"embeddable":true,"href":"https:\/\/archive.sana.sy\/es\/index.php?rest_route=\/wp\/v2\/users\/43"}],"replies":[{"embeddable":true,"href":"https:\/\/archive.sana.sy\/es\/index.php?rest_route=%2Fwp%2Fv2%2Fcomments&post=339144"}],"version-history":[{"count":1,"href":"https:\/\/archive.sana.sy\/es\/index.php?rest_route=\/wp\/v2\/posts\/339144\/revisions"}],"predecessor-version":[{"id":339147,"href":"https:\/\/archive.sana.sy\/es\/index.php?rest_route=\/wp\/v2\/posts\/339144\/revisions\/339147"}],"wp:featuredmedia":[{"embeddable":true,"href":"https:\/\/archive.sana.sy\/es\/index.php?rest_route=\/wp\/v2\/media\/339145"}],"wp:attachment":[{"href":"https:\/\/archive.sana.sy\/es\/index.php?rest_route=%2Fwp%2Fv2%2Fmedia&parent=339144"}],"wp:term":[{"taxonomy":"category","embeddable":true,"href":"https:\/\/archive.sana.sy\/es\/index.php?rest_route=%2Fwp%2Fv2%2Fcategories&post=339144"},{"taxonomy":"post_tag","embeddable":true,"href":"https:\/\/archive.sana.sy\/es\/index.php?rest_route=%2Fwp%2Fv2%2Ftags&post=339144"}],"curies":[{"name":"wp","href":"https:\/\/api.w.org\/{rel}","templated":true}]}}