{"id":339148,"date":"2024-09-27T20:14:14","date_gmt":"2024-09-27T17:14:14","guid":{"rendered":"https:\/\/sana.sy\/es\/?p=339148"},"modified":"2024-09-27T20:14:14","modified_gmt":"2024-09-27T17:14:14","slug":"delegaciones-de-muchos-paises-boicotean-el-discurso-de-netanyahu-en-la-onu","status":"publish","type":"post","link":"https:\/\/archive.sana.sy\/es\/?p=339148","title":{"rendered":"Delegaciones de muchos pa\u00edses boicotean el discurso de Netanyahu en la ONU"},"content":{"rendered":"<blockquote>\n<p style=\"text-align: justify;\"><span style=\"color: #993300;\">Los diplom\u00e1ticos abandonaron el Sal\u00f3n con la llegada de Netanyahu, mientras se alzaron voces de protesta que denuncian la agresi\u00f3n israel\u00ed contra Gaza y el L\u00edbano.<\/span><\/p>\n<\/blockquote>\n<p style=\"text-align: justify;\"><span style=\"color: #800000;\"><strong>Nueva York , 27 sep (SANA)<\/strong><\/span> Varias delegaciones abandonaron la sala de la Asamblea General de las Naciones Unidas antes de que el primer ministro israel\u00ed, Benjam\u00edn Netanyahu, pronunciara su discurso, en protesta por las masacres que est\u00e1 cometiendo en la Franja de Gaza y en el L\u00edbano.<\/p>\n<p style=\"text-align: justify;\">Los diplom\u00e1ticos abandonaron el Sal\u00f3n con la llegada de Netanyahu, mientras se alzaron voces de protesta que denuncian la agresi\u00f3n israel\u00ed contra Gaza y el L\u00edbano.<\/p>\n<p style=\"text-align: justify;\">Netanyahu atac\u00f3 a las Naciones Unidas a trav\u00e9s de su plataforma, describi\u00e9ndola como una \u201corganizaci\u00f3n oscura\u201d .<\/p>\n<p style=\"text-align: justify;\">Dijo que \u201clas Naciones Unidas no es m\u00e1s que una farsa despreciable\u201d.<\/p>\n<p style=\"text-align: justify;\">Asimismo, cientos de personas tambi\u00e9n se manifestaron frente a la sede de las Naciones Unidas en la ciudad de Nueva York para protestar contra el discurso de Netanyahu.<\/p>\n<p style=\"text-align: justify;\">Asimismo, izaron banderas palestinas y corearon consignas que exigen poner fin a la ocupaci\u00f3n de los territorios palestinos y frenar la agresi\u00f3n contra Gaza y L\u00edbano.<\/p>\n<p style=\"text-align: justify;\">Los manifestantes exigieron que Netanyahu rinda cuentas y sea arrestado por la guerra genocida en Gaza y L\u00edbano, que provoc\u00f3 la muerte y lesiones de decenas de miles.<\/p>\n<p>fm\/ahs<\/p>\n","protected":false},"excerpt":{"rendered":"<p>Los diplom\u00e1ticos abandonaron el Sal\u00f3n con la llegada de Netanyahu, mientras se alzaron voces de protesta que denuncian la agresi\u00f3n israel\u00ed contra Gaza y el L\u00edbano. Nueva York , 27 sep (SANA) Varias delegaciones abandonaron la sala de la Asamblea General de las Naciones Unidas antes de que el primer ministro israel\u00ed, Benjam\u00edn Netanyahu, pronunciara &hellip;<\/p>\n","protected":false},"author":43,"featured_media":339150,"comment_status":"closed","ping_status":"closed","sticky":false,"template":"","format":"standard","meta":{"footnotes":""},"categories":[597,456,16687,20724,7541],"tags":[],"class_list":["post-339148","post","type-post","status-publish","format-standard","has-post-thumbnail","","category-cinta-de-noticias","category-arabe-internacional-politica","category-internacionales","category-minuto-a-minuto","category-ultimas-noticias"],"_links":{"self":[{"href":"https:\/\/archive.sana.sy\/es\/index.php?rest_route=\/wp\/v2\/posts\/339148"}],"collection":[{"href":"https:\/\/archive.sana.sy\/es\/index.php?rest_route=\/wp\/v2\/posts"}],"about":[{"href":"https:\/\/archive.sana.sy\/es\/index.php?rest_route=\/wp\/v2\/types\/post"}],"author":[{"embeddable":true,"href":"https:\/\/archive.sana.sy\/es\/index.php?rest_route=\/wp\/v2\/users\/43"}],"replies":[{"embeddable":true,"href":"https:\/\/archive.sana.sy\/es\/index.php?rest_route=%2Fwp%2Fv2%2Fcomments&post=339148"}],"version-history":[{"count":1,"href":"https:\/\/archive.sana.sy\/es\/index.php?rest_route=\/wp\/v2\/posts\/339148\/revisions"}],"predecessor-version":[{"id":339151,"href":"https:\/\/archive.sana.sy\/es\/index.php?rest_route=\/wp\/v2\/posts\/339148\/revisions\/339151"}],"wp:featuredmedia":[{"embeddable":true,"href":"https:\/\/archive.sana.sy\/es\/index.php?rest_route=\/wp\/v2\/media\/339150"}],"wp:attachment":[{"href":"https:\/\/archive.sana.sy\/es\/index.php?rest_route=%2Fwp%2Fv2%2Fmedia&parent=339148"}],"wp:term":[{"taxonomy":"category","embeddable":true,"href":"https:\/\/archive.sana.sy\/es\/index.php?rest_route=%2Fwp%2Fv2%2Fcategories&post=339148"},{"taxonomy":"post_tag","embeddable":true,"href":"https:\/\/archive.sana.sy\/es\/index.php?rest_route=%2Fwp%2Fv2%2Ftags&post=339148"}],"curies":[{"name":"wp","href":"https:\/\/api.w.org\/{rel}","templated":true}]}}