{"id":339149,"date":"2024-09-27T20:14:43","date_gmt":"2024-09-27T17:14:43","guid":{"rendered":"https:\/\/sana.sy\/es\/?p=339149"},"modified":"2024-09-27T20:16:37","modified_gmt":"2024-09-27T17:16:37","slug":"israel-perpetra-la-mas-violenta-agresion-contra-beirut","status":"publish","type":"post","link":"https:\/\/archive.sana.sy\/es\/?p=339149","title":{"rendered":"Israel perpetra la m\u00e1s violenta agresi\u00f3n contra Beirut (+ fotos)"},"content":{"rendered":"<p style=\"text-align: justify;\"><span style=\"color: #800000;\"><strong>Beirut, 27 sep (SANA)<\/strong>\u00a0 \u00a0<\/span>Cazas israel\u00edes lanzaron hoy una agresi\u00f3n contra edificios residenciales en la zona de Haret Hreik, en el suburbio sur de Beirut, la capital libanesa.<\/p>\n<p style=\"text-align: justify;\">De acuerdo con reportes de los medios de prensa libaneses, seis edificios quedaron totalmente destruidos como resultado de la incursi\u00f3n.<\/p>\n<p style=\"text-align: justify;\">Se trata del octavo ataque contra el suburbio sur de Beirut desde octubre de 2023, pero es el m\u00e1s brutal y potente registrado.<\/p>\n<p style=\"text-align: justify;\">Los medios de prensa israel\u00edes confirmaron que la agresi\u00f3n se llev\u00f3 a cabo mediante aviones F-35 y la utilizaci\u00f3n de bombas perforantes con un peso de dos toneladas de explosivos.<\/p>\n<p style=\"text-align: justify;\">fm<\/p>\n<div id='gallery-1' class='gallery galleryid-339149 gallery-columns-1 gallery-size-full'><figure class='gallery-item'>\n\t\t\t<div class='gallery-icon landscape'>\n\t\t\t\t<a href='https:\/\/archive.sana.sy\/es\/wp-content\/uploads\/2024\/09\/photo_2024-09-27_20-05-23.jpg'><img loading=\"lazy\" decoding=\"async\" width=\"675\" height=\"515\" src=\"https:\/\/archive.sana.sy\/es\/wp-content\/uploads\/2024\/09\/photo_2024-09-27_20-05-23.jpg\" class=\"attachment-full size-full\" alt=\"\" srcset=\"https:\/\/archive.sana.sy\/es\/wp-content\/uploads\/2024\/09\/photo_2024-09-27_20-05-23.jpg 675w, https:\/\/archive.sana.sy\/es\/wp-content\/uploads\/2024\/09\/photo_2024-09-27_20-05-23-300x229.jpg 300w, https:\/\/archive.sana.sy\/es\/wp-content\/uploads\/2024\/09\/photo_2024-09-27_20-05-23-150x114.jpg 150w\" sizes=\"(max-width: 675px) 100vw, 675px\" \/><\/a>\n\t\t\t<\/div><\/figure><figure class='gallery-item'>\n\t\t\t<div class='gallery-icon portrait'>\n\t\t\t\t<a href='https:\/\/archive.sana.sy\/es\/wp-content\/uploads\/2024\/09\/photo_2024-09-27_18-30-44.jpg'><img loading=\"lazy\" decoding=\"async\" width=\"768\" height=\"781\" src=\"https:\/\/archive.sana.sy\/es\/wp-content\/uploads\/2024\/09\/photo_2024-09-27_18-30-44.jpg\" class=\"attachment-full size-full\" alt=\"\" srcset=\"https:\/\/archive.sana.sy\/es\/wp-content\/uploads\/2024\/09\/photo_2024-09-27_18-30-44.jpg 768w, https:\/\/archive.sana.sy\/es\/wp-content\/uploads\/2024\/09\/photo_2024-09-27_18-30-44-295x300.jpg 295w, https:\/\/archive.sana.sy\/es\/wp-content\/uploads\/2024\/09\/photo_2024-09-27_18-30-44-148x150.jpg 148w\" sizes=\"(max-width: 768px) 100vw, 768px\" \/><\/a>\n\t\t\t<\/div><\/figure>\n\t\t<\/div>\n\n","protected":false},"excerpt":{"rendered":"<p>Beirut, 27 sep (SANA)\u00a0 \u00a0Cazas israel\u00edes lanzaron hoy una agresi\u00f3n contra edificios residenciales en la zona de Haret Hreik, en el suburbio sur de Beirut, la capital libanesa. De acuerdo con reportes de los medios de prensa libaneses, seis edificios quedaron totalmente destruidos como resultado de la incursi\u00f3n. Se trata del octavo ataque contra el &hellip;<\/p>\n","protected":false},"author":34,"featured_media":339153,"comment_status":"closed","ping_status":"closed","sticky":false,"template":"","format":"standard","meta":{"footnotes":""},"categories":[597,456,20724,583],"tags":[],"class_list":["post-339149","post","type-post","status-publish","format-standard","has-post-thumbnail","","category-cinta-de-noticias","category-arabe-internacional-politica","category-minuto-a-minuto","category-slide"],"_links":{"self":[{"href":"https:\/\/archive.sana.sy\/es\/index.php?rest_route=\/wp\/v2\/posts\/339149"}],"collection":[{"href":"https:\/\/archive.sana.sy\/es\/index.php?rest_route=\/wp\/v2\/posts"}],"about":[{"href":"https:\/\/archive.sana.sy\/es\/index.php?rest_route=\/wp\/v2\/types\/post"}],"author":[{"embeddable":true,"href":"https:\/\/archive.sana.sy\/es\/index.php?rest_route=\/wp\/v2\/users\/34"}],"replies":[{"embeddable":true,"href":"https:\/\/archive.sana.sy\/es\/index.php?rest_route=%2Fwp%2Fv2%2Fcomments&post=339149"}],"version-history":[{"count":2,"href":"https:\/\/archive.sana.sy\/es\/index.php?rest_route=\/wp\/v2\/posts\/339149\/revisions"}],"predecessor-version":[{"id":339156,"href":"https:\/\/archive.sana.sy\/es\/index.php?rest_route=\/wp\/v2\/posts\/339149\/revisions\/339156"}],"wp:featuredmedia":[{"embeddable":true,"href":"https:\/\/archive.sana.sy\/es\/index.php?rest_route=\/wp\/v2\/media\/339153"}],"wp:attachment":[{"href":"https:\/\/archive.sana.sy\/es\/index.php?rest_route=%2Fwp%2Fv2%2Fmedia&parent=339149"}],"wp:term":[{"taxonomy":"category","embeddable":true,"href":"https:\/\/archive.sana.sy\/es\/index.php?rest_route=%2Fwp%2Fv2%2Fcategories&post=339149"},{"taxonomy":"post_tag","embeddable":true,"href":"https:\/\/archive.sana.sy\/es\/index.php?rest_route=%2Fwp%2Fv2%2Ftags&post=339149"}],"curies":[{"name":"wp","href":"https:\/\/api.w.org\/{rel}","templated":true}]}}