{"id":339157,"date":"2024-09-28T08:36:52","date_gmt":"2024-09-28T05:36:52","guid":{"rendered":"https:\/\/sana.sy\/es\/?p=339157"},"modified":"2024-09-28T08:36:52","modified_gmt":"2024-09-28T05:36:52","slug":"siria-condena-agresion-israeli-contra-beirut-y-advierte-sobre-la-escalada-en-la-region","status":"publish","type":"post","link":"https:\/\/archive.sana.sy\/es\/?p=339157","title":{"rendered":"Siria condena agresi\u00f3n israel\u00ed contra Beirut y advierte sobre la escalada en la regi\u00f3n"},"content":{"rendered":"<p style=\"text-align: justify;\"><span style=\"color: #800000;\"><strong>Damasco, 28 sep (SANA)\u00a0<\/strong><\/span>El Ministerio de Exteriores y Expatriados de Siria denunci\u00f3 que la entidad de ocupaci\u00f3n israel\u00ed contin\u00faa su agresiva y criminal campa\u00f1a militar contra la regi\u00f3n, en Palestina, L\u00edbano y Siria.<\/p>\n<p>&#8220;Israel perpetr\u00f3 un nuevo crimen contra la humanidad al atacar una zona residencial en el suburbio sur de Beirut, la capital libanesa, donde destruy\u00f3 varios edificios sobre los habitantes civiles inocentes&#8221;, conden\u00f3 la Canciller\u00eda en un comunicado.<\/p>\n<p style=\"text-align: justify;\">Agreg\u00f3 que Siria condene en\u00e9rgicamente todos estos cr\u00edmenes continuos y reafirma que la insistencia de la entidad terrorista israel\u00ed en derramar sangre y cometer todo tipo de cr\u00edmenes de guerra y cr\u00edmenes de lesa humanidad llevar\u00e1 a una escalada peligrosa en la regi\u00f3n, cuyas consecuencias ser\u00e1n dif\u00edciles de predecir.<\/p>\n<p style=\"text-align: justify;\">Siria tambi\u00e9n expres\u00f3 su rechazo al silencio internacional frente a la magnitud de estos cr\u00edmenes, que, seg\u00fan se\u00f1al\u00f3, no tienen precedentes en d\u00e9cadas.<\/p>\n<p style=\"text-align: justify;\">Asimismo, reiter\u00f3 el derecho de los pueblos de la regi\u00f3n a defenderse ante esta agresi\u00f3n terrorista israel\u00ed.<\/p>\n<p style=\"text-align: justify;\"><em><strong>ah<\/strong><\/em><\/p>\n","protected":false},"excerpt":{"rendered":"<p>Damasco, 28 sep (SANA)\u00a0El Ministerio de Exteriores y Expatriados de Siria denunci\u00f3 que la entidad de ocupaci\u00f3n israel\u00ed contin\u00faa su agresiva y criminal campa\u00f1a militar contra la regi\u00f3n, en Palestina, L\u00edbano y Siria. &#8220;Israel perpetr\u00f3 un nuevo crimen contra la humanidad al atacar una zona residencial en el suburbio sur de Beirut, la capital libanesa, &hellip;<\/p>\n","protected":false},"author":30,"featured_media":339158,"comment_status":"closed","ping_status":"closed","sticky":false,"template":"","format":"standard","meta":{"footnotes":""},"categories":[597,20724,467,583],"tags":[],"class_list":["post-339157","post","type-post","status-publish","format-standard","has-post-thumbnail","","category-cinta-de-noticias","category-minuto-a-minuto","category-siria-y-el-mundo","category-slide"],"_links":{"self":[{"href":"https:\/\/archive.sana.sy\/es\/index.php?rest_route=\/wp\/v2\/posts\/339157"}],"collection":[{"href":"https:\/\/archive.sana.sy\/es\/index.php?rest_route=\/wp\/v2\/posts"}],"about":[{"href":"https:\/\/archive.sana.sy\/es\/index.php?rest_route=\/wp\/v2\/types\/post"}],"author":[{"embeddable":true,"href":"https:\/\/archive.sana.sy\/es\/index.php?rest_route=\/wp\/v2\/users\/30"}],"replies":[{"embeddable":true,"href":"https:\/\/archive.sana.sy\/es\/index.php?rest_route=%2Fwp%2Fv2%2Fcomments&post=339157"}],"version-history":[{"count":1,"href":"https:\/\/archive.sana.sy\/es\/index.php?rest_route=\/wp\/v2\/posts\/339157\/revisions"}],"predecessor-version":[{"id":339159,"href":"https:\/\/archive.sana.sy\/es\/index.php?rest_route=\/wp\/v2\/posts\/339157\/revisions\/339159"}],"wp:featuredmedia":[{"embeddable":true,"href":"https:\/\/archive.sana.sy\/es\/index.php?rest_route=\/wp\/v2\/media\/339158"}],"wp:attachment":[{"href":"https:\/\/archive.sana.sy\/es\/index.php?rest_route=%2Fwp%2Fv2%2Fmedia&parent=339157"}],"wp:term":[{"taxonomy":"category","embeddable":true,"href":"https:\/\/archive.sana.sy\/es\/index.php?rest_route=%2Fwp%2Fv2%2Fcategories&post=339157"},{"taxonomy":"post_tag","embeddable":true,"href":"https:\/\/archive.sana.sy\/es\/index.php?rest_route=%2Fwp%2Fv2%2Ftags&post=339157"}],"curies":[{"name":"wp","href":"https:\/\/api.w.org\/{rel}","templated":true}]}}