{"id":339160,"date":"2024-09-28T10:14:49","date_gmt":"2024-09-28T07:14:49","guid":{"rendered":"https:\/\/sana.sy\/es\/?p=339160"},"modified":"2024-09-28T10:14:49","modified_gmt":"2024-09-28T07:14:49","slug":"agresiones-de-israel-contra-sur-de-beirut-amenazan-la-paz-mundial-afirma-iran","status":"publish","type":"post","link":"https:\/\/archive.sana.sy\/es\/?p=339160","title":{"rendered":"Agresiones de \u201cIsrael\u201d contra sur de Beirut amenazan la paz mundial, afirma Ir\u00e1n"},"content":{"rendered":"<p style=\"text-align: justify;\"><span style=\"color: #800000;\"><strong>Nueva York, 28 sep (SANA)<\/strong><\/span>\u00a0 El ministro de Relaciones Exteriores de Ir\u00e1n, Abbas Araghchi, afirm\u00f3 que las agresiones de la entidad sionista contra el suburbio sur de Beirut constituyen un crimen contra la humanidad y un crimen de guerra, adem\u00e1s de demostrar que esta entidad es la mayor amenaza para la paz y seguridad regionales e internacionales.<\/p>\n<p style=\"text-align: justify;\">En una declaraci\u00f3n emitida tras la reciente agresi\u00f3n israel\u00ed contra el sur de Beirut, Araghchi se\u00f1al\u00f3 que la naturaleza ilegal y falsa de la entidad sionista se basa en el asesinato de inocentes, especialmente mujeres y ni\u00f1os.<\/p>\n<p style=\"text-align: justify;\">Asimismo, record\u00f3 que m\u00e1s de 43 mil personas murieron, m\u00e1s de 93 mil resultaron heridas y m\u00e1s de dos millones fueron desplazadas, adem\u00e1s de la destrucci\u00f3n de cientos de miles de viviendas e infraestructuras m\u00e9dicas y educativas en la Franja de Gaza en menos de un a\u00f1o.<\/p>\n<p style=\"text-align: justify;\">Todo esto, a\u00f1adi\u00f3, constituye un crimen contra la humanidad, genocidio, limpieza \u00e9tnica y cr\u00edmenes de guerra que se perpetran por \u201cIsrael\u201d en silencio ante la inacci\u00f3n de la comunidad internacional y de los pa\u00edses que se jactan de defender los derechos humanos.<\/p>\n<p style=\"text-align: justify;\">Araghchi consider\u00f3 que la incapacidad o la falta de voluntad de la comunidad internacional y de los aliados de \u201cIsrael\u201d para detener sus cr\u00edmenes en Gaza llevaron a que esta entidad ataque al pueblo liban\u00e9s con a\u00fan m\u00e1s descaro, utilizando tecnolog\u00edas de comunicaci\u00f3n como armas y agresiones a\u00e9reas que causaron la muerte de muchos inocentes.<\/p>\n<p style=\"text-align: justify;\">El ministro iran\u00ed inst\u00f3 al Consejo de Seguridad de la ONU a dejar de lado su indiferencia y tomar medidas reales para detener la maquinaria de guerra israel\u00ed.<\/p>\n<p style=\"text-align: justify;\">Tambi\u00e9n pidi\u00f3 al secretario general de la Organizaci\u00f3n de Cooperaci\u00f3n Isl\u00e1mica convocar una reuni\u00f3n de emergencia con los l\u00edderes de la organizaci\u00f3n lo antes posible para tratar esta situaci\u00f3n.<\/p>\n<p style=\"text-align: justify;\">Araghchi reafirm\u00f3 el apoyo del gobierno iran\u00ed al pueblo liban\u00e9s y al Eje de Resistencia, y expres\u00f3 su solidaridad con el gobierno y el pueblo de L\u00edbano, as\u00ed como extendi\u00f3 sus condolencias a las familias de las v\u00edctimas de esta atroz agresi\u00f3n.<\/p>\n<p style=\"text-align: justify;\"><em><strong>ah<\/strong><\/em><\/p>\n","protected":false},"excerpt":{"rendered":"<p>Nueva York, 28 sep (SANA)\u00a0 El ministro de Relaciones Exteriores de Ir\u00e1n, Abbas Araghchi, afirm\u00f3 que las agresiones de la entidad sionista contra el suburbio sur de Beirut constituyen un crimen contra la humanidad y un crimen de guerra, adem\u00e1s de demostrar que esta entidad es la mayor amenaza para la paz y seguridad regionales &hellip;<\/p>\n","protected":false},"author":30,"featured_media":339170,"comment_status":"closed","ping_status":"closed","sticky":false,"template":"","format":"standard","meta":{"footnotes":""},"categories":[597,456,20724,7541],"tags":[],"class_list":["post-339160","post","type-post","status-publish","format-standard","has-post-thumbnail","","category-cinta-de-noticias","category-arabe-internacional-politica","category-minuto-a-minuto","category-ultimas-noticias"],"_links":{"self":[{"href":"https:\/\/archive.sana.sy\/es\/index.php?rest_route=\/wp\/v2\/posts\/339160"}],"collection":[{"href":"https:\/\/archive.sana.sy\/es\/index.php?rest_route=\/wp\/v2\/posts"}],"about":[{"href":"https:\/\/archive.sana.sy\/es\/index.php?rest_route=\/wp\/v2\/types\/post"}],"author":[{"embeddable":true,"href":"https:\/\/archive.sana.sy\/es\/index.php?rest_route=\/wp\/v2\/users\/30"}],"replies":[{"embeddable":true,"href":"https:\/\/archive.sana.sy\/es\/index.php?rest_route=%2Fwp%2Fv2%2Fcomments&post=339160"}],"version-history":[{"count":1,"href":"https:\/\/archive.sana.sy\/es\/index.php?rest_route=\/wp\/v2\/posts\/339160\/revisions"}],"predecessor-version":[{"id":339171,"href":"https:\/\/archive.sana.sy\/es\/index.php?rest_route=\/wp\/v2\/posts\/339160\/revisions\/339171"}],"wp:featuredmedia":[{"embeddable":true,"href":"https:\/\/archive.sana.sy\/es\/index.php?rest_route=\/wp\/v2\/media\/339170"}],"wp:attachment":[{"href":"https:\/\/archive.sana.sy\/es\/index.php?rest_route=%2Fwp%2Fv2%2Fmedia&parent=339160"}],"wp:term":[{"taxonomy":"category","embeddable":true,"href":"https:\/\/archive.sana.sy\/es\/index.php?rest_route=%2Fwp%2Fv2%2Fcategories&post=339160"},{"taxonomy":"post_tag","embeddable":true,"href":"https:\/\/archive.sana.sy\/es\/index.php?rest_route=%2Fwp%2Fv2%2Ftags&post=339160"}],"curies":[{"name":"wp","href":"https:\/\/api.w.org\/{rel}","templated":true}]}}