{"id":339172,"date":"2024-09-28T10:25:53","date_gmt":"2024-09-28T07:25:53","guid":{"rendered":"https:\/\/sana.sy\/es\/?p=339172"},"modified":"2024-09-28T10:25:53","modified_gmt":"2024-09-28T07:25:53","slug":"defensores-de-la-carta-de-la-onu-adoptan-declaracion-politica-sobre-fin-de-ocupacion-israeli-de-territorios-arabes","status":"publish","type":"post","link":"https:\/\/archive.sana.sy\/es\/?p=339172","title":{"rendered":"Defensores de la Carta de la ONU adoptan declaraci\u00f3n pol\u00edtica sobre fin de ocupaci\u00f3n israel\u00ed de territorios \u00e1rabes"},"content":{"rendered":"<p style=\"text-align: justify;\"><span style=\"color: #800000;\"><strong>Nueva York, 28 sep (SANA)<\/strong><\/span> Los ministros de Exteriores de los pa\u00edses que integran el Grupo de Amigos en Defensa de la Carta de las Naciones Unidas adoptaron una declaraci\u00f3n pol\u00edtica en la que subrayaron la necesidad de redoblar esfuerzos para poner fin a la ocupaci\u00f3n ilegal y continua de \u201cIsrael\u201d en Palestina y otros territorios \u00e1rabes, as\u00ed como detener sus repetidas agresiones contra pa\u00edses soberanos de la regi\u00f3n.<\/p>\n<p style=\"text-align: justify;\">El anuncio se realiz\u00f3 durante la sexta reuni\u00f3n de los cancilleres de los pa\u00edses miembros del grupo, celebrada en Nueva York, con la participaci\u00f3n del ministro de Exteriores y Emigrantes de Siria, Bassam Sabbagh.<\/p>\n<p style=\"text-align: justify;\">El evento se llev\u00f3 a cabo bajo el t\u00edtulo: \u201cLas consecuencias catastr\u00f3ficas de la situaci\u00f3n en Palestina ocupada, especialmente en la Franja de Gaza: la necesidad de poner fin a la ocupaci\u00f3n israel\u00ed y a sus guerras agresivas en la regi\u00f3n\u201d.<\/p>\n<p style=\"text-align: justify;\">Durante el acto, se reafirm\u00f3 el compromiso de los pa\u00edses miembros con la Carta de las Naciones Unidas y sus principios, destacando su papel esencial en la preservaci\u00f3n y promoci\u00f3n de la paz y seguridad internacionales, as\u00ed como en la b\u00fasqueda de un mundo m\u00e1s pr\u00f3spero, justo y equitativo.<\/p>\n<p style=\"text-align: justify;\">Adem\u00e1s, los cancilleres renovaron su compromiso con la causa justa de Palestina y expresaron su solidaridad con el pueblo palestino en su lucha por obtener sus derechos inalienables.<\/p>\n<p style=\"text-align: justify;\">Tambi\u00e9n, manifestaron una profunda preocupaci\u00f3n por las consecuencias devastadoras de la situaci\u00f3n actual en los territorios palestinos ocupados, en particular en Gaza y Cisjordania, e hicieron hincapi\u00e9 en la necesidad urgente de redoblar esfuerzos para poner fin a la ocupaci\u00f3n ilegal israel\u00ed y detener sus agresiones repetidas contra los pa\u00edses soberanos de la regi\u00f3n.<\/p>\n<p style=\"text-align: justify;\">Asimismo, los ministros se\u00f1alaron que alcanzar la paz en Oriente Medio requiere el retiro de \u201cIsrael\u201d de todos los territorios \u00e1rabes ocupados, incluido el Gol\u00e1n sirio ocupado, de acuerdo con las resoluciones pertinentes de las Naciones Unidas, en particular las resoluciones del Consejo de Seguridad 242 de 1967, 338 de 1973 y 497 de 1981.<\/p>\n<p style=\"text-align: justify;\">Estas resoluciones estipulan que la adquisici\u00f3n de territorio por la fuerza es inadmisible seg\u00fan la Carta de las Naciones Unidas y los principios del derecho internacional, y recalcaron que la decisi\u00f3n de Israel de imponer sus leyes, jurisdicci\u00f3n y administraci\u00f3n en el Gol\u00e1n sirio ocupado es &#8220;nula y sin valor&#8221;, sin efectos legales internacionales.<\/p>\n<p style=\"text-align: justify;\">Condenaron tambi\u00e9n las repetidas agresiones israel\u00edes \u00a0contra Siria, y las consideraron como una flagrante violaci\u00f3n de la soberan\u00eda de un Estado y del derecho internacional, incluida la agresi\u00f3n del 8 de septiembre en la provincia de Hama, que dej\u00f3 un saldo de 18 civiles muertos y 37 heridos.<\/p>\n<p style=\"text-align: justify;\">El grupo reiter\u00f3 su rechazo categ\u00f3rico a las medidas coercitivas unilaterales, utilizadas como herramientas de presi\u00f3n pol\u00edtica, econ\u00f3mica o financiera contra cualquier naci\u00f3n, especialmente contra los pa\u00edses en desarrollo.<\/p>\n<p style=\"text-align: justify;\">Manifestaron su apoyo y solidaridad con los Estados y pueblos afectados por estas medidas, que violan los principios y prop\u00f3sitos de la Carta de las Naciones Unidas y el derecho internacional, y exigieron su levantamiento total, inmediato e incondicional.<\/p>\n<p style=\"text-align: justify;\">En la misma l\u00ednea, los ministros expresaron su firme rechazo a las sanciones unilaterales ilegales impuestas al pueblo y al gobierno de Siria, las cuales afectan negativamente la situaci\u00f3n humanitaria y el desarrollo del pa\u00eds, as\u00ed como exigieron el levantamiento inmediato, total e incondicional de estas medidas.<\/p>\n<p style=\"text-align: justify;\">Cabe destacar que el Grupo de Amigos en Defensa de la Carta se fund\u00f3 en 2021 y actualmente est\u00e1 compuesto por 20 pa\u00edses de diversas regiones del mundo, incluidos Siria, la Federaci\u00f3n Rusa, China, Ir\u00e1n, Cuba, Palestina, Venezuela, Argelia, entre otros, con el objetivo de preservar y defender la Carta de las Naciones Unidas.<\/p>\n<p style=\"text-align: justify;\"><em><strong>ah<\/strong><\/em><\/p>\n","protected":false},"excerpt":{"rendered":"<p>Nueva York, 28 sep (SANA) Los ministros de Exteriores de los pa\u00edses que integran el Grupo de Amigos en Defensa de la Carta de las Naciones Unidas adoptaron una declaraci\u00f3n pol\u00edtica en la que subrayaron la necesidad de redoblar esfuerzos para poner fin a la ocupaci\u00f3n ilegal y continua de \u201cIsrael\u201d en Palestina y otros &hellip;<\/p>\n","protected":false},"author":30,"featured_media":339173,"comment_status":"closed","ping_status":"closed","sticky":false,"template":"","format":"standard","meta":{"footnotes":""},"categories":[597,20724,467,7541],"tags":[],"class_list":["post-339172","post","type-post","status-publish","format-standard","has-post-thumbnail","","category-cinta-de-noticias","category-minuto-a-minuto","category-siria-y-el-mundo","category-ultimas-noticias"],"_links":{"self":[{"href":"https:\/\/archive.sana.sy\/es\/index.php?rest_route=\/wp\/v2\/posts\/339172"}],"collection":[{"href":"https:\/\/archive.sana.sy\/es\/index.php?rest_route=\/wp\/v2\/posts"}],"about":[{"href":"https:\/\/archive.sana.sy\/es\/index.php?rest_route=\/wp\/v2\/types\/post"}],"author":[{"embeddable":true,"href":"https:\/\/archive.sana.sy\/es\/index.php?rest_route=\/wp\/v2\/users\/30"}],"replies":[{"embeddable":true,"href":"https:\/\/archive.sana.sy\/es\/index.php?rest_route=%2Fwp%2Fv2%2Fcomments&post=339172"}],"version-history":[{"count":1,"href":"https:\/\/archive.sana.sy\/es\/index.php?rest_route=\/wp\/v2\/posts\/339172\/revisions"}],"predecessor-version":[{"id":339174,"href":"https:\/\/archive.sana.sy\/es\/index.php?rest_route=\/wp\/v2\/posts\/339172\/revisions\/339174"}],"wp:featuredmedia":[{"embeddable":true,"href":"https:\/\/archive.sana.sy\/es\/index.php?rest_route=\/wp\/v2\/media\/339173"}],"wp:attachment":[{"href":"https:\/\/archive.sana.sy\/es\/index.php?rest_route=%2Fwp%2Fv2%2Fmedia&parent=339172"}],"wp:term":[{"taxonomy":"category","embeddable":true,"href":"https:\/\/archive.sana.sy\/es\/index.php?rest_route=%2Fwp%2Fv2%2Fcategories&post=339172"},{"taxonomy":"post_tag","embeddable":true,"href":"https:\/\/archive.sana.sy\/es\/index.php?rest_route=%2Fwp%2Fv2%2Ftags&post=339172"}],"curies":[{"name":"wp","href":"https:\/\/api.w.org\/{rel}","templated":true}]}}