{"id":339185,"date":"2024-09-28T14:10:03","date_gmt":"2024-09-28T11:10:03","guid":{"rendered":"https:\/\/sana.sy\/es\/?p=339185"},"modified":"2024-09-28T14:10:03","modified_gmt":"2024-09-28T11:10:03","slug":"israel-persiste-en-su-genocidio-contra-civiles-en-gaza-por-358-dia-consecutivo","status":"publish","type":"post","link":"https:\/\/archive.sana.sy\/es\/?p=339185","title":{"rendered":"\u201cIsrael\u201d persiste en su genocidio contra civiles en Gaza por 358 d\u00eda consecutivo"},"content":{"rendered":"<p style=\"text-align: justify;\"><span style=\"color: #800000;\"><strong>Jerusal\u00e9n ocupada, 28 sep (SANA)<\/strong> <\/span>El Ministerio de Salud palestino anunci\u00f3 que durante las \u00faltimas 48 horas, las tropas sionistas cometieron cuatro masacres en la Franja de Gaza, que resultaron en 52 muertos y 118 heridos.<\/p>\n<p style=\"text-align: justify;\">De acuerdo con un comunicado del ente de salud, el n\u00famero total de v\u00edctimas durante 358 d\u00edas de agresi\u00f3n israel\u00ed contra Gaza aument\u00f3 a 41 mil 586 muertos y 96 mil 210 heridos.<\/p>\n<p style=\"text-align: justify;\">En el mismo contexto, un palestino fue asesinado y otros resultaron heridos en un bombardeo israel\u00ed contra una casa al norte del campamento de Nuseirat, en el centro de la Franja de Gaza.<\/p>\n<p style=\"text-align: justify;\">Mientas tanto, miles de v\u00edctimas todav\u00eda yacen bajo los escombros y en las carreteras, debido a ser inaccesibles por las ambulancias y la defensa civil.<\/p>\n<p style=\"text-align: justify;\">ed\/ah<\/p>\n","protected":false},"excerpt":{"rendered":"<p>Jerusal\u00e9n ocupada, 28 sep (SANA) El Ministerio de Salud palestino anunci\u00f3 que durante las \u00faltimas 48 horas, las tropas sionistas cometieron cuatro masacres en la Franja de Gaza, que resultaron en 52 muertos y 118 heridos. De acuerdo con un comunicado del ente de salud, el n\u00famero total de v\u00edctimas durante 358 d\u00edas de agresi\u00f3n &hellip;<\/p>\n","protected":false},"author":32,"featured_media":339186,"comment_status":"closed","ping_status":"closed","sticky":false,"template":"","format":"standard","meta":{"footnotes":""},"categories":[597,456,20724,7541],"tags":[],"class_list":["post-339185","post","type-post","status-publish","format-standard","has-post-thumbnail","","category-cinta-de-noticias","category-arabe-internacional-politica","category-minuto-a-minuto","category-ultimas-noticias"],"_links":{"self":[{"href":"https:\/\/archive.sana.sy\/es\/index.php?rest_route=\/wp\/v2\/posts\/339185"}],"collection":[{"href":"https:\/\/archive.sana.sy\/es\/index.php?rest_route=\/wp\/v2\/posts"}],"about":[{"href":"https:\/\/archive.sana.sy\/es\/index.php?rest_route=\/wp\/v2\/types\/post"}],"author":[{"embeddable":true,"href":"https:\/\/archive.sana.sy\/es\/index.php?rest_route=\/wp\/v2\/users\/32"}],"replies":[{"embeddable":true,"href":"https:\/\/archive.sana.sy\/es\/index.php?rest_route=%2Fwp%2Fv2%2Fcomments&post=339185"}],"version-history":[{"count":1,"href":"https:\/\/archive.sana.sy\/es\/index.php?rest_route=\/wp\/v2\/posts\/339185\/revisions"}],"predecessor-version":[{"id":339187,"href":"https:\/\/archive.sana.sy\/es\/index.php?rest_route=\/wp\/v2\/posts\/339185\/revisions\/339187"}],"wp:featuredmedia":[{"embeddable":true,"href":"https:\/\/archive.sana.sy\/es\/index.php?rest_route=\/wp\/v2\/media\/339186"}],"wp:attachment":[{"href":"https:\/\/archive.sana.sy\/es\/index.php?rest_route=%2Fwp%2Fv2%2Fmedia&parent=339185"}],"wp:term":[{"taxonomy":"category","embeddable":true,"href":"https:\/\/archive.sana.sy\/es\/index.php?rest_route=%2Fwp%2Fv2%2Fcategories&post=339185"},{"taxonomy":"post_tag","embeddable":true,"href":"https:\/\/archive.sana.sy\/es\/index.php?rest_route=%2Fwp%2Fv2%2Ftags&post=339185"}],"curies":[{"name":"wp","href":"https:\/\/api.w.org\/{rel}","templated":true}]}}