{"id":339188,"date":"2024-09-28T19:00:03","date_gmt":"2024-09-28T16:00:03","guid":{"rendered":"https:\/\/sana.sy\/es\/?p=339188"},"modified":"2024-09-28T19:32:55","modified_gmt":"2024-09-28T16:32:55","slug":"resistencia-de-libano-confirma-asesinato-de-hassan-nasrallah","status":"publish","type":"post","link":"https:\/\/archive.sana.sy\/es\/?p=339188","title":{"rendered":"Resistencia de L\u00edbano confirma asesinato de Hassan Nasrallah"},"content":{"rendered":"<p style=\"text-align: justify;\"><span style=\"color: #800000;\"><strong>Beirut, 28 sep (SANA)<\/strong> <\/span>El Movimiento de Resistencia de L\u00edbano (Hezbol\u00e1) confirm\u00f3 hoy el asesinato de su l\u00edder pol\u00edtico y militar, Hassan Nasrallah, tras las agresiones israel\u00edes contra el suburbio sur de la capital Beirut.<\/p>\n<p style=\"text-align: justify;\">Tras horas de incertidumbre, Hizbulah declar\u00f3 m\u00e1rtir en el camino de la liberaci\u00f3n de Jerusal\u00e9n a su secretario general desde 1992, debido a la operaci\u00f3n ofensiva m\u00e1s potente contra la naci\u00f3n de los cedros desde 2006.<\/p>\n<p style=\"text-align: justify;\">La declaraci\u00f3n a\u00f1ade que Sayyed Hassan Nasrallah, se uni\u00f3 a sus compa\u00f1eros los inmortales m\u00e1rtires, tras casi treinta a\u00f1os de liderazgo marcados por victorias sucesivas.<\/p>\n<p style=\"text-align: justify;\">fm\/ed<\/p>\n","protected":false},"excerpt":{"rendered":"<p>Beirut, 28 sep (SANA) El Movimiento de Resistencia de L\u00edbano (Hezbol\u00e1) confirm\u00f3 hoy el asesinato de su l\u00edder pol\u00edtico y militar, Hassan Nasrallah, tras las agresiones israel\u00edes contra el suburbio sur de la capital Beirut. Tras horas de incertidumbre, Hizbulah declar\u00f3 m\u00e1rtir en el camino de la liberaci\u00f3n de Jerusal\u00e9n a su secretario general desde &hellip;<\/p>\n","protected":false},"author":32,"featured_media":339191,"comment_status":"closed","ping_status":"closed","sticky":false,"template":"","format":"standard","meta":{"footnotes":""},"categories":[597,456,20724,583],"tags":[],"class_list":["post-339188","post","type-post","status-publish","format-standard","has-post-thumbnail","","category-cinta-de-noticias","category-arabe-internacional-politica","category-minuto-a-minuto","category-slide"],"_links":{"self":[{"href":"https:\/\/archive.sana.sy\/es\/index.php?rest_route=\/wp\/v2\/posts\/339188"}],"collection":[{"href":"https:\/\/archive.sana.sy\/es\/index.php?rest_route=\/wp\/v2\/posts"}],"about":[{"href":"https:\/\/archive.sana.sy\/es\/index.php?rest_route=\/wp\/v2\/types\/post"}],"author":[{"embeddable":true,"href":"https:\/\/archive.sana.sy\/es\/index.php?rest_route=\/wp\/v2\/users\/32"}],"replies":[{"embeddable":true,"href":"https:\/\/archive.sana.sy\/es\/index.php?rest_route=%2Fwp%2Fv2%2Fcomments&post=339188"}],"version-history":[{"count":2,"href":"https:\/\/archive.sana.sy\/es\/index.php?rest_route=\/wp\/v2\/posts\/339188\/revisions"}],"predecessor-version":[{"id":339192,"href":"https:\/\/archive.sana.sy\/es\/index.php?rest_route=\/wp\/v2\/posts\/339188\/revisions\/339192"}],"wp:featuredmedia":[{"embeddable":true,"href":"https:\/\/archive.sana.sy\/es\/index.php?rest_route=\/wp\/v2\/media\/339191"}],"wp:attachment":[{"href":"https:\/\/archive.sana.sy\/es\/index.php?rest_route=%2Fwp%2Fv2%2Fmedia&parent=339188"}],"wp:term":[{"taxonomy":"category","embeddable":true,"href":"https:\/\/archive.sana.sy\/es\/index.php?rest_route=%2Fwp%2Fv2%2Fcategories&post=339188"},{"taxonomy":"post_tag","embeddable":true,"href":"https:\/\/archive.sana.sy\/es\/index.php?rest_route=%2Fwp%2Fv2%2Ftags&post=339188"}],"curies":[{"name":"wp","href":"https:\/\/api.w.org\/{rel}","templated":true}]}}