{"id":339193,"date":"2024-09-28T17:04:39","date_gmt":"2024-09-28T14:04:39","guid":{"rendered":"https:\/\/sana.sy\/es\/?p=339193"},"modified":"2024-09-28T17:15:00","modified_gmt":"2024-09-28T14:15:00","slug":"israel-persiste-en-su-agresion-contra-gaza-y-asesina-a-41-mil-586-palestinos","status":"publish","type":"post","link":"https:\/\/archive.sana.sy\/es\/?p=339193","title":{"rendered":"Israel persiste en su agresi\u00f3n contra Gaza y asesina a 41 mil 586 palestinos"},"content":{"rendered":"<p style=\"text-align: justify;\"><span style=\"color: #800000;\"><strong>Jerusal\u00e9n ocupada, 28 sep (SANA)<\/strong><\/span> El Ministerio de Salud palestino anunci\u00f3 que durante las \u00faltimas 48 horas, las tropas sionistas cometieron cuatro masacres en la Franja de Gaza, con un saldo de 52 muertos y 118 heridos.<\/p>\n<p style=\"text-align: justify;\"><a href=\"http:\/\/sana.sy\/es\/wp-content\/uploads\/2024\/09\/photo_2024-09-28_17-02-23-20453.jpg\"><img loading=\"lazy\" decoding=\"async\" class=\" wp-image-339195 alignleft\" src=\"http:\/\/sana.sy\/es\/wp-content\/uploads\/2024\/09\/photo_2024-09-28_17-02-23-20453.jpg\" alt=\"\" width=\"389\" height=\"219\" srcset=\"https:\/\/archive.sana.sy\/es\/wp-content\/uploads\/2024\/09\/photo_2024-09-28_17-02-23-20453.jpg 976w, https:\/\/archive.sana.sy\/es\/wp-content\/uploads\/2024\/09\/photo_2024-09-28_17-02-23-20453-300x169.jpg 300w, https:\/\/archive.sana.sy\/es\/wp-content\/uploads\/2024\/09\/photo_2024-09-28_17-02-23-20453-150x84.jpg 150w, https:\/\/archive.sana.sy\/es\/wp-content\/uploads\/2024\/09\/photo_2024-09-28_17-02-23-20453-768x432.jpg 768w\" sizes=\"(max-width: 389px) 100vw, 389px\" \/><\/a>El saldo total de la agresi\u00f3n israel\u00ed durante 358 d\u00edas ascendi\u00f3 a 41 mil 586 muertos y 96 mil 210 heridos, inform\u00f3 el ente de salud.<\/p>\n<p style=\"text-align: justify;\">En el mismo contexto, un palestino fue asesinado y otros resultaron heridos en un bombardeo israel\u00ed contra una casa al norte del campamento de Nuseirat, en el centro de la Franja de Gaza.<\/p>\n<p style=\"text-align: justify;\">Mientas tanto, miles de v\u00edctimas todav\u00eda yacen bajo los escombros y en las carreteras, debido a ser inaccesibles por las ambulancias y la defensa civil.<\/p>\n<p style=\"text-align: justify;\">fm\/ed<\/p>\n","protected":false},"excerpt":{"rendered":"<p>Jerusal\u00e9n ocupada, 28 sep (SANA) El Ministerio de Salud palestino anunci\u00f3 que durante las \u00faltimas 48 horas, las tropas sionistas cometieron cuatro masacres en la Franja de Gaza, con un saldo de 52 muertos y 118 heridos. El saldo total de la agresi\u00f3n israel\u00ed durante 358 d\u00edas ascendi\u00f3 a 41 mil 586 muertos y 96 &hellip;<\/p>\n","protected":false},"author":32,"featured_media":339194,"comment_status":"closed","ping_status":"closed","sticky":false,"template":"","format":"standard","meta":{"footnotes":""},"categories":[597,456,20724,583],"tags":[],"class_list":["post-339193","post","type-post","status-publish","format-standard","has-post-thumbnail","","category-cinta-de-noticias","category-arabe-internacional-politica","category-minuto-a-minuto","category-slide"],"_links":{"self":[{"href":"https:\/\/archive.sana.sy\/es\/index.php?rest_route=\/wp\/v2\/posts\/339193"}],"collection":[{"href":"https:\/\/archive.sana.sy\/es\/index.php?rest_route=\/wp\/v2\/posts"}],"about":[{"href":"https:\/\/archive.sana.sy\/es\/index.php?rest_route=\/wp\/v2\/types\/post"}],"author":[{"embeddable":true,"href":"https:\/\/archive.sana.sy\/es\/index.php?rest_route=\/wp\/v2\/users\/32"}],"replies":[{"embeddable":true,"href":"https:\/\/archive.sana.sy\/es\/index.php?rest_route=%2Fwp%2Fv2%2Fcomments&post=339193"}],"version-history":[{"count":2,"href":"https:\/\/archive.sana.sy\/es\/index.php?rest_route=\/wp\/v2\/posts\/339193\/revisions"}],"predecessor-version":[{"id":339197,"href":"https:\/\/archive.sana.sy\/es\/index.php?rest_route=\/wp\/v2\/posts\/339193\/revisions\/339197"}],"wp:featuredmedia":[{"embeddable":true,"href":"https:\/\/archive.sana.sy\/es\/index.php?rest_route=\/wp\/v2\/media\/339194"}],"wp:attachment":[{"href":"https:\/\/archive.sana.sy\/es\/index.php?rest_route=%2Fwp%2Fv2%2Fmedia&parent=339193"}],"wp:term":[{"taxonomy":"category","embeddable":true,"href":"https:\/\/archive.sana.sy\/es\/index.php?rest_route=%2Fwp%2Fv2%2Fcategories&post=339193"},{"taxonomy":"post_tag","embeddable":true,"href":"https:\/\/archive.sana.sy\/es\/index.php?rest_route=%2Fwp%2Fv2%2Ftags&post=339193"}],"curies":[{"name":"wp","href":"https:\/\/api.w.org\/{rel}","templated":true}]}}