{"id":339201,"date":"2024-09-28T19:33:01","date_gmt":"2024-09-28T16:33:01","guid":{"rendered":"https:\/\/sana.sy\/es\/?p=339201"},"modified":"2024-09-28T19:33:01","modified_gmt":"2024-09-28T16:33:01","slug":"siria-condena-asesinato-de-nasrallah-y-lo-tacha-de-un-acto-traicionero-y-terrorista","status":"publish","type":"post","link":"https:\/\/archive.sana.sy\/es\/?p=339201","title":{"rendered":"Siria condena asesinato de Nasrallah y lo tacha de un acto traicionero y terrorista"},"content":{"rendered":"<p style=\"text-align: justify;\"><span style=\"color: #800000;\"><strong>Damasco, 27 sep (SANA)<\/strong><\/span>\u00a0 El Gobierno de Siria conden\u00f3 hoy el asesinato por parte de \u201cIsrael\u201d del l\u00edder del Movimiento de Resistencia en el L\u00edbano (Hezbol\u00e1), Sayyed Hassan Nasrallah, y lo tach\u00f3 de un acto traicionero, cobarde, terrorista y brutal.<\/p>\n<p style=\"text-align: justify;\">El hermano L\u00edbano perdi\u00f3 hoy al secretario general de Hezbol\u00e1, Sayyed Hassan Nasrallah, tras una brutal y cobarde agresi\u00f3n israel\u00ed contra una zona residencial en el suburbio sur de la capital, Beirut, afirm\u00f3 un comunicado del Ministerio de Asuntos Exteriores y Expatriados.<\/p>\n<p style=\"text-align: justify;\">Denunci\u00f3 que \u201cIsrael\u201d emple\u00f3 toneladas de bombas destructivas, que provocaron la muerte d Nasrallah junto a un gran n\u00famero de civiles inocentes.<\/p>\n<p style=\"text-align: justify;\">Mediante esta despreciable agresi\u00f3n, la entidad sionista confirma una vez m\u00e1s sus caracter\u00edsticas de traici\u00f3n, cobard\u00eda y terrorismo, y que carece de los valores morales, as\u00ed como act\u00faa con barbarie y con pleno desprecio a todas las normas y leyes internacionales, indic\u00f3 la declaraci\u00f3n.<\/p>\n<p style=\"text-align: justify;\">Agreg\u00f3 que con el martirio de Nasrallah, todos aquellos que luchan por liberar la tierra y preservar y proteger la soberan\u00eda y la independencia, perdieron a uno de sus ejemplos a seguir en la lucha contra los agresores y la resistencia a los ocupantes.<\/p>\n<p style=\"text-align: justify;\">Los pueblos libres del mundo sienten tristeza por esta p\u00e9rdida, y el pueblo sirio nunca olvidar\u00e1 las posturas de apoyo de Nasrallah, y su heroico camino seguir\u00e1 siendo un faro para que las generaciones futuras contin\u00faen las lucha por liberar todas las tierras \u00e1rabes ocupadas y garantizar que \u201cIsrael\u201d rinda cuentas por sus acciones viles, asegur\u00f3 la Canciller\u00eda.<\/p>\n<p style=\"text-align: justify;\">Concluy\u00f3 con asegurar que la Rep\u00fablica \u00c1rabe Siria condena en los t\u00e9rminos m\u00e1s en\u00e9rgicos este acto criminal israel\u00ed, expresa sus condolencias al hermano L\u00edbano y a todos los pueblos libres del mundo por el martirio del l\u00edder de la Resistencia Nacional Libanesa y responsabiliza plenamente a la entidad ocupante por sus graves consecuencias.<\/p>\n<p style=\"text-align: justify;\">fm\/rr<\/p>\n","protected":false},"excerpt":{"rendered":"<p>Damasco, 27 sep (SANA)\u00a0 El Gobierno de Siria conden\u00f3 hoy el asesinato por parte de \u201cIsrael\u201d del l\u00edder del Movimiento de Resistencia en el L\u00edbano (Hezbol\u00e1), Sayyed Hassan Nasrallah, y lo tach\u00f3 de un acto traicionero, cobarde, terrorista y brutal. El hermano L\u00edbano perdi\u00f3 hoy al secretario general de Hezbol\u00e1, Sayyed Hassan Nasrallah, tras una &hellip;<\/p>\n","protected":false},"author":31,"featured_media":339202,"comment_status":"closed","ping_status":"closed","sticky":false,"template":"","format":"standard","meta":{"footnotes":""},"categories":[597,476,583],"tags":[],"class_list":["post-339201","post","type-post","status-publish","format-standard","has-post-thumbnail","","category-cinta-de-noticias","category-locales","category-slide"],"_links":{"self":[{"href":"https:\/\/archive.sana.sy\/es\/index.php?rest_route=\/wp\/v2\/posts\/339201"}],"collection":[{"href":"https:\/\/archive.sana.sy\/es\/index.php?rest_route=\/wp\/v2\/posts"}],"about":[{"href":"https:\/\/archive.sana.sy\/es\/index.php?rest_route=\/wp\/v2\/types\/post"}],"author":[{"embeddable":true,"href":"https:\/\/archive.sana.sy\/es\/index.php?rest_route=\/wp\/v2\/users\/31"}],"replies":[{"embeddable":true,"href":"https:\/\/archive.sana.sy\/es\/index.php?rest_route=%2Fwp%2Fv2%2Fcomments&post=339201"}],"version-history":[{"count":1,"href":"https:\/\/archive.sana.sy\/es\/index.php?rest_route=\/wp\/v2\/posts\/339201\/revisions"}],"predecessor-version":[{"id":339203,"href":"https:\/\/archive.sana.sy\/es\/index.php?rest_route=\/wp\/v2\/posts\/339201\/revisions\/339203"}],"wp:featuredmedia":[{"embeddable":true,"href":"https:\/\/archive.sana.sy\/es\/index.php?rest_route=\/wp\/v2\/media\/339202"}],"wp:attachment":[{"href":"https:\/\/archive.sana.sy\/es\/index.php?rest_route=%2Fwp%2Fv2%2Fmedia&parent=339201"}],"wp:term":[{"taxonomy":"category","embeddable":true,"href":"https:\/\/archive.sana.sy\/es\/index.php?rest_route=%2Fwp%2Fv2%2Fcategories&post=339201"},{"taxonomy":"post_tag","embeddable":true,"href":"https:\/\/archive.sana.sy\/es\/index.php?rest_route=%2Fwp%2Fv2%2Ftags&post=339201"}],"curies":[{"name":"wp","href":"https:\/\/api.w.org\/{rel}","templated":true}]}}