{"id":339205,"date":"2024-09-28T20:34:12","date_gmt":"2024-09-28T17:34:12","guid":{"rendered":"https:\/\/sana.sy\/es\/?p=339205"},"modified":"2024-09-28T20:34:12","modified_gmt":"2024-09-28T17:34:12","slug":"siria-declara-luto-por-la-muerte-del-lider-del-movimiento-de-resistencia-en-el-libano","status":"publish","type":"post","link":"https:\/\/archive.sana.sy\/es\/?p=339205","title":{"rendered":"Siria declara luto por la muerte del l\u00edder del Movimiento de Resistencia en el L\u00edbano"},"content":{"rendered":"<p style=\"text-align: justify;\"><span style=\"color: #800000;\"><strong>Damasco, 28 sep (SANA)\u00a0<\/strong><\/span> La Rep\u00fablica \u00c1rabe Siria comparte el dolor del hermano pueblo liban\u00e9s por la gran p\u00e9rdida de la muerte de Hassan Nasrallah, el l\u00edder del Movimiento de Resistencia de L\u00edbano (Hezbol\u00e1).<\/p>\n<p style=\"text-align: justify;\">El gobierno sirio declara duelo oficial general por un per\u00edodo de tres d\u00edas, donde se ondear\u00e1n las banderas a media asta en toda la Rep\u00fablica \u00c1rabe Siria y en todas las embajadas y organismos diplom\u00e1ticos en el extranjero.<\/p>\n<p style=\"text-align: justify;\">rr<\/p>\n","protected":false},"excerpt":{"rendered":"<p>Damasco, 28 sep (SANA)\u00a0 La Rep\u00fablica \u00c1rabe Siria comparte el dolor del hermano pueblo liban\u00e9s por la gran p\u00e9rdida de la muerte de Hassan Nasrallah, el l\u00edder del Movimiento de Resistencia de L\u00edbano (Hezbol\u00e1). El gobierno sirio declara duelo oficial general por un per\u00edodo de tres d\u00edas, donde se ondear\u00e1n las banderas a media asta &hellip;<\/p>\n","protected":false},"author":31,"featured_media":339206,"comment_status":"closed","ping_status":"closed","sticky":false,"template":"","format":"standard","meta":{"footnotes":""},"categories":[597,476,467,7541],"tags":[],"class_list":["post-339205","post","type-post","status-publish","format-standard","has-post-thumbnail","","category-cinta-de-noticias","category-locales","category-siria-y-el-mundo","category-ultimas-noticias"],"_links":{"self":[{"href":"https:\/\/archive.sana.sy\/es\/index.php?rest_route=\/wp\/v2\/posts\/339205"}],"collection":[{"href":"https:\/\/archive.sana.sy\/es\/index.php?rest_route=\/wp\/v2\/posts"}],"about":[{"href":"https:\/\/archive.sana.sy\/es\/index.php?rest_route=\/wp\/v2\/types\/post"}],"author":[{"embeddable":true,"href":"https:\/\/archive.sana.sy\/es\/index.php?rest_route=\/wp\/v2\/users\/31"}],"replies":[{"embeddable":true,"href":"https:\/\/archive.sana.sy\/es\/index.php?rest_route=%2Fwp%2Fv2%2Fcomments&post=339205"}],"version-history":[{"count":1,"href":"https:\/\/archive.sana.sy\/es\/index.php?rest_route=\/wp\/v2\/posts\/339205\/revisions"}],"predecessor-version":[{"id":339207,"href":"https:\/\/archive.sana.sy\/es\/index.php?rest_route=\/wp\/v2\/posts\/339205\/revisions\/339207"}],"wp:featuredmedia":[{"embeddable":true,"href":"https:\/\/archive.sana.sy\/es\/index.php?rest_route=\/wp\/v2\/media\/339206"}],"wp:attachment":[{"href":"https:\/\/archive.sana.sy\/es\/index.php?rest_route=%2Fwp%2Fv2%2Fmedia&parent=339205"}],"wp:term":[{"taxonomy":"category","embeddable":true,"href":"https:\/\/archive.sana.sy\/es\/index.php?rest_route=%2Fwp%2Fv2%2Fcategories&post=339205"},{"taxonomy":"post_tag","embeddable":true,"href":"https:\/\/archive.sana.sy\/es\/index.php?rest_route=%2Fwp%2Fv2%2Ftags&post=339205"}],"curies":[{"name":"wp","href":"https:\/\/api.w.org\/{rel}","templated":true}]}}