{"id":339208,"date":"2024-09-28T20:45:16","date_gmt":"2024-09-28T17:45:16","guid":{"rendered":"https:\/\/sana.sy\/es\/?p=339208"},"modified":"2024-09-29T05:37:59","modified_gmt":"2024-09-29T02:37:59","slug":"cuba-condena-asesinato-de-nasallah","status":"publish","type":"post","link":"https:\/\/archive.sana.sy\/es\/?p=339208","title":{"rendered":"Cuba condena asesinato de Nasallah"},"content":{"rendered":"<p style=\"text-align: justify;\">La Habana, 28 sep (SANA) La Rep\u00fablica de Cuba conden\u00f3 hoy el asesinato por \u201cIsrael\u201d de Hassan Nasrallah, el secretario general del Movimiento de Resistencia del L\u00edbano (Hezbol\u00e1).<\/p>\n<p style=\"text-align: justify;\">\u201cCondenamos el cobarde asesinato selectivo de Hassan Nasrallah, secretario general de Hezbol\u00e1, como resultado del ataque perpetrado por Israel contra edificios de viviendas en el suburbio sur de Beirut, causando destrucci\u00f3n y muerte de civiles inocentes\u201d, escribi\u00f3 el presidente de la isla, Miguel D\u00edaz Canel en su cuenta de X.<\/p>\n<p style=\"text-align: justify;\">Indic\u00f3 que \u201ceste hecho amenaza seriamente la paz y seguridad regional y mundial, cuya responsabilidad total recae en \u00a8Israel\u00a8 con la complicidad de los Estados Unidos.\u201d<\/p>\n<p style=\"text-align: justify;\">Cabe se\u00f1alar que Hezbol\u00e1 confirm\u00f3 hoy el asesinato de su l\u00edder pol\u00edtico y militar, Hassan Nasrallah, tras las agresiones israel\u00edes contra el suburbio sur de la capital Beirut.<\/p>\n<p style=\"text-align: justify;\">rr<\/p>\n","protected":false},"excerpt":{"rendered":"<p>La Habana, 28 sep (SANA) La Rep\u00fablica de Cuba conden\u00f3 hoy el asesinato por \u201cIsrael\u201d de Hassan Nasrallah, el secretario general del Movimiento de Resistencia del L\u00edbano (Hezbol\u00e1). \u201cCondenamos el cobarde asesinato selectivo de Hassan Nasrallah, secretario general de Hezbol\u00e1, como resultado del ataque perpetrado por Israel contra edificios de viviendas en el suburbio sur &hellip;<\/p>\n","protected":false},"author":31,"featured_media":339214,"comment_status":"closed","ping_status":"closed","sticky":false,"template":"","format":"standard","meta":{"footnotes":""},"categories":[597,456,16687],"tags":[],"class_list":["post-339208","post","type-post","status-publish","format-standard","has-post-thumbnail","","category-cinta-de-noticias","category-arabe-internacional-politica","category-internacionales"],"_links":{"self":[{"href":"https:\/\/archive.sana.sy\/es\/index.php?rest_route=\/wp\/v2\/posts\/339208"}],"collection":[{"href":"https:\/\/archive.sana.sy\/es\/index.php?rest_route=\/wp\/v2\/posts"}],"about":[{"href":"https:\/\/archive.sana.sy\/es\/index.php?rest_route=\/wp\/v2\/types\/post"}],"author":[{"embeddable":true,"href":"https:\/\/archive.sana.sy\/es\/index.php?rest_route=\/wp\/v2\/users\/31"}],"replies":[{"embeddable":true,"href":"https:\/\/archive.sana.sy\/es\/index.php?rest_route=%2Fwp%2Fv2%2Fcomments&post=339208"}],"version-history":[{"count":1,"href":"https:\/\/archive.sana.sy\/es\/index.php?rest_route=\/wp\/v2\/posts\/339208\/revisions"}],"predecessor-version":[{"id":339211,"href":"https:\/\/archive.sana.sy\/es\/index.php?rest_route=\/wp\/v2\/posts\/339208\/revisions\/339211"}],"wp:featuredmedia":[{"embeddable":true,"href":"https:\/\/archive.sana.sy\/es\/index.php?rest_route=\/wp\/v2\/media\/339214"}],"wp:attachment":[{"href":"https:\/\/archive.sana.sy\/es\/index.php?rest_route=%2Fwp%2Fv2%2Fmedia&parent=339208"}],"wp:term":[{"taxonomy":"category","embeddable":true,"href":"https:\/\/archive.sana.sy\/es\/index.php?rest_route=%2Fwp%2Fv2%2Fcategories&post=339208"},{"taxonomy":"post_tag","embeddable":true,"href":"https:\/\/archive.sana.sy\/es\/index.php?rest_route=%2Fwp%2Fv2%2Ftags&post=339208"}],"curies":[{"name":"wp","href":"https:\/\/api.w.org\/{rel}","templated":true}]}}