{"id":339209,"date":"2024-09-28T20:30:11","date_gmt":"2024-09-28T17:30:11","guid":{"rendered":"https:\/\/sana.sy\/es\/?p=339209"},"modified":"2024-09-28T20:50:30","modified_gmt":"2024-09-28T17:50:30","slug":"canciller-sirio-sostiene-conversaciones-con-sus-homologos-de-bielorrusia-oman-bahrein-y-jordania","status":"publish","type":"post","link":"https:\/\/archive.sana.sy\/es\/?p=339209","title":{"rendered":"Canciller sirio sostiene conversaciones con sus hom\u00f3logos de Bielorrusia, Om\u00e1n, Bahr\u00e9in y Jordania"},"content":{"rendered":"<p style=\"text-align: justify;\"><span style=\"color: #800000;\"><strong>Nueva York, 27 sep (SANA)\u00a0<\/strong> <\/span>El ministro de Asuntos Exteriores y Emigrantes, Bassam Sabbagh, sostuvo en la sede de la ONU en Nueva York, un encuentro con su hom\u00f3logo bielorruso Maxim Rygilkov, con quien abord\u00f3 las diversas \u00e1reas de cooperaci\u00f3n entre los dos lados y las formas de darles seguimiento e implementarlas, en particular la celebraci\u00f3n de reuniones del comit\u00e9 gubernamental conjunto entre los dos pa\u00edses.<\/p>\n<p style=\"text-align: justify;\">Los dos ministros subrayaron la importancia de intensificar la comunicaci\u00f3n, coordinaci\u00f3n y el intercambio de apoyo en relaci\u00f3n con cuestiones internacionales de inter\u00e9s com\u00fan en las Naciones Unidas.<\/p>\n<p style=\"text-align: justify;\">Sabbagh analiz\u00f3 tambi\u00e9n con Badr al-Busaidi, el ministro de Asuntos Exteriores de la Sultan\u00eda de Om\u00e1n, las distinguidas relaciones fraternales entre los dos pa\u00edses y los esfuerzos realizados para fortalecerlas.<\/p>\n<p style=\"text-align: justify;\">Al Busaidi expres\u00f3 el apoyo de su pa\u00eds a todos los esfuerzos destinados a lograr la paz y la estabilidad en Siria.<\/p>\n<p style=\"text-align: justify;\">Asimismo, el ministro Sabbagh revis\u00f3 con el ministro de Relaciones Exteriores de Bahr\u00e9in, Abdul Latif Al-Zayani, las formas de consolidar las relaciones de cooperaci\u00f3n entre los dos pa\u00edses hermanos y mejorar la comunicaci\u00f3n y coordinaci\u00f3n conjunta en diversos temas de inter\u00e9s com\u00fan.<\/p>\n<p style=\"text-align: justify;\">En este sentido, los dos ministros afirmaron su deseo de fortalecer las distinguidas relaciones fraternales entre los dos pa\u00edses hermanos, de una manera que sirva a sus intereses y objetivos comunes.<\/p>\n<p style=\"text-align: justify;\">El ministro sirio de Asuntos Exteriores debati\u00f3 tambi\u00e9n con el ministro de Asuntos Exteriores jordano, Ayman Al-Safadi, las cuestiones bilaterales entre ambos pa\u00edses, donde afirmaron su voluntad de desarrollar las relaciones de cooperaci\u00f3n entre ellos, de forma que sirvan a los intereses de los dos pa\u00edses hermanos.<\/p>\n<p style=\"text-align: justify;\">fm\/rr<\/p>\n","protected":false},"excerpt":{"rendered":"<p>Nueva York, 27 sep (SANA)\u00a0 El ministro de Asuntos Exteriores y Emigrantes, Bassam Sabbagh, sostuvo en la sede de la ONU en Nueva York, un encuentro con su hom\u00f3logo bielorruso Maxim Rygilkov, con quien abord\u00f3 las diversas \u00e1reas de cooperaci\u00f3n entre los dos lados y las formas de darles seguimiento e implementarlas, en particular la &hellip;<\/p>\n","protected":false},"author":31,"featured_media":339212,"comment_status":"closed","ping_status":"closed","sticky":false,"template":"","format":"standard","meta":{"footnotes":""},"categories":[597,467,7541],"tags":[],"class_list":["post-339209","post","type-post","status-publish","format-standard","has-post-thumbnail","","category-cinta-de-noticias","category-siria-y-el-mundo","category-ultimas-noticias"],"_links":{"self":[{"href":"https:\/\/archive.sana.sy\/es\/index.php?rest_route=\/wp\/v2\/posts\/339209"}],"collection":[{"href":"https:\/\/archive.sana.sy\/es\/index.php?rest_route=\/wp\/v2\/posts"}],"about":[{"href":"https:\/\/archive.sana.sy\/es\/index.php?rest_route=\/wp\/v2\/types\/post"}],"author":[{"embeddable":true,"href":"https:\/\/archive.sana.sy\/es\/index.php?rest_route=\/wp\/v2\/users\/31"}],"replies":[{"embeddable":true,"href":"https:\/\/archive.sana.sy\/es\/index.php?rest_route=%2Fwp%2Fv2%2Fcomments&post=339209"}],"version-history":[{"count":1,"href":"https:\/\/archive.sana.sy\/es\/index.php?rest_route=\/wp\/v2\/posts\/339209\/revisions"}],"predecessor-version":[{"id":339213,"href":"https:\/\/archive.sana.sy\/es\/index.php?rest_route=\/wp\/v2\/posts\/339209\/revisions\/339213"}],"wp:featuredmedia":[{"embeddable":true,"href":"https:\/\/archive.sana.sy\/es\/index.php?rest_route=\/wp\/v2\/media\/339212"}],"wp:attachment":[{"href":"https:\/\/archive.sana.sy\/es\/index.php?rest_route=%2Fwp%2Fv2%2Fmedia&parent=339209"}],"wp:term":[{"taxonomy":"category","embeddable":true,"href":"https:\/\/archive.sana.sy\/es\/index.php?rest_route=%2Fwp%2Fv2%2Fcategories&post=339209"},{"taxonomy":"post_tag","embeddable":true,"href":"https:\/\/archive.sana.sy\/es\/index.php?rest_route=%2Fwp%2Fv2%2Ftags&post=339209"}],"curies":[{"name":"wp","href":"https:\/\/api.w.org\/{rel}","templated":true}]}}