{"id":339215,"date":"2024-09-29T09:00:26","date_gmt":"2024-09-29T06:00:26","guid":{"rendered":"https:\/\/sana.sy\/es\/?p=339215"},"modified":"2024-09-29T09:00:26","modified_gmt":"2024-09-29T06:00:26","slug":"cancilleres-de-siria-y-venezuela-ratifican-apoyo-mutuo-para-enfrentar-los-desafios-comunes","status":"publish","type":"post","link":"https:\/\/archive.sana.sy\/es\/?p=339215","title":{"rendered":"Cancilleres de Siria y Venezuela ratifican apoyo mutuo para enfrentar los desaf\u00edos comunes"},"content":{"rendered":"<blockquote>\n<p style=\"text-align: justify;\"><span style=\"color: #800000;\">El Ministro Sabbagh conden\u00f3 los intentos de Estados Unidos de interferir en los asuntos internos de Venezuela y ratific\u00f3 la firme posici\u00f3n de Siria de apoyo a Venezuela y su gobierno leg\u00edtimo.<\/span><\/p>\n<\/blockquote>\n<p style=\"text-align: justify;\"><span style=\"color: #800000;\"><strong>Nueva York, 29 sep (SANA)<\/strong> <\/span>El ministro de Asuntos Exteriores y Expatriados, Bassam Sabbagh, repas\u00f3 hoy su hom\u00f3logo de Venezuela, Yv\u00e1n Gil Pinto, los diversos aspectos de las relaciones bilaterales entre ambos pa\u00edses.<\/p>\n<p style=\"text-align: justify;\">En una reuni\u00f3n sostenida en la sede de las Naciones Unidas en Nueva York, las dos partes enfatizaron la necesidad de aprovechar todas las potencialidades disponibles para enfrentar desaf\u00edos comunes, en particular las medidas coercitivas unilaterales impuestas por Estados Unidos.<\/p>\n<p style=\"text-align: justify;\">Instaron a fortalecer los mecanismos de trabajo existentes en la cooperaci\u00f3n con pa\u00edses amigos y afines para enfrentar las pol\u00edticas hegem\u00f3nicas estadounidenses y sus intentos de injerencia en los asuntos internos de otros pa\u00edses.<\/p>\n<p style=\"text-align: justify;\">El ministro Sabbagh conden\u00f3 los intentos de Estados Unidos de interferir en los asuntos internos de Venezuela y ratific\u00f3 la firme posici\u00f3n de Siria de apoyo a Venezuela y su gobierno leg\u00edtimo.<\/p>\n<p style=\"text-align: justify;\">A su vez, el canciller de la naci\u00f3n sudamericana elogi\u00f3 la heroica firmeza de Siria al enfrentar el terrorismo y en la defensa de su soberan\u00eda, independencia e integridad territorial.<\/p>\n<p style=\"text-align: justify;\"><strong>fm\/ws<\/strong><\/p>\n","protected":false},"excerpt":{"rendered":"<p>El Ministro Sabbagh conden\u00f3 los intentos de Estados Unidos de interferir en los asuntos internos de Venezuela y ratific\u00f3 la firme posici\u00f3n de Siria de apoyo a Venezuela y su gobierno leg\u00edtimo. Nueva York, 29 sep (SANA) El ministro de Asuntos Exteriores y Expatriados, Bassam Sabbagh, repas\u00f3 hoy su hom\u00f3logo de Venezuela, Yv\u00e1n Gil Pinto, &hellip;<\/p>\n","protected":false},"author":35,"featured_media":339216,"comment_status":"closed","ping_status":"closed","sticky":false,"template":"","format":"standard","meta":{"footnotes":""},"categories":[597,456,16687,20724,467,583],"tags":[],"class_list":["post-339215","post","type-post","status-publish","format-standard","has-post-thumbnail","","category-cinta-de-noticias","category-arabe-internacional-politica","category-internacionales","category-minuto-a-minuto","category-siria-y-el-mundo","category-slide"],"_links":{"self":[{"href":"https:\/\/archive.sana.sy\/es\/index.php?rest_route=\/wp\/v2\/posts\/339215"}],"collection":[{"href":"https:\/\/archive.sana.sy\/es\/index.php?rest_route=\/wp\/v2\/posts"}],"about":[{"href":"https:\/\/archive.sana.sy\/es\/index.php?rest_route=\/wp\/v2\/types\/post"}],"author":[{"embeddable":true,"href":"https:\/\/archive.sana.sy\/es\/index.php?rest_route=\/wp\/v2\/users\/35"}],"replies":[{"embeddable":true,"href":"https:\/\/archive.sana.sy\/es\/index.php?rest_route=%2Fwp%2Fv2%2Fcomments&post=339215"}],"version-history":[{"count":1,"href":"https:\/\/archive.sana.sy\/es\/index.php?rest_route=\/wp\/v2\/posts\/339215\/revisions"}],"predecessor-version":[{"id":339217,"href":"https:\/\/archive.sana.sy\/es\/index.php?rest_route=\/wp\/v2\/posts\/339215\/revisions\/339217"}],"wp:featuredmedia":[{"embeddable":true,"href":"https:\/\/archive.sana.sy\/es\/index.php?rest_route=\/wp\/v2\/media\/339216"}],"wp:attachment":[{"href":"https:\/\/archive.sana.sy\/es\/index.php?rest_route=%2Fwp%2Fv2%2Fmedia&parent=339215"}],"wp:term":[{"taxonomy":"category","embeddable":true,"href":"https:\/\/archive.sana.sy\/es\/index.php?rest_route=%2Fwp%2Fv2%2Fcategories&post=339215"},{"taxonomy":"post_tag","embeddable":true,"href":"https:\/\/archive.sana.sy\/es\/index.php?rest_route=%2Fwp%2Fv2%2Ftags&post=339215"}],"curies":[{"name":"wp","href":"https:\/\/api.w.org\/{rel}","templated":true}]}}