{"id":339274,"date":"2024-09-29T18:40:52","date_gmt":"2024-09-29T15:40:52","guid":{"rendered":"https:\/\/sana.sy\/es\/?p=339274"},"modified":"2024-09-29T18:40:52","modified_gmt":"2024-09-29T15:40:52","slug":"sabbagh-se-reune-con-el-actual-presidente-de-la-asamblea-general-de-naciones-unidas","status":"publish","type":"post","link":"https:\/\/archive.sana.sy\/es\/?p=339274","title":{"rendered":"Sabbagh se re\u00fane con el actual presidente de la Asamblea General de Naciones Unidas"},"content":{"rendered":"<p style=\"text-align: justify;\"><span style=\"color: #800000;\"><strong>Nueva York, 29 sep (SANA)\u00a0<\/strong> <\/span>El ministro sirio de Asuntos Exteriores y Expatriados, Bassam Sabbagh, repas\u00f3 con el presidente del actual per\u00edodo de sesiones de la Asamblea General de las Naciones Unidas, Philemon Yang, los aspectos de inter\u00e9s de Siria en el marco de los trabajos de la Asamblea General durante su 79\u00ba per\u00edodo de sesiones.<\/p>\n<p style=\"text-align: justify;\">Durante la reuni\u00f3n, Sabbagh destac\u00f3 la importancia de enfrentar los intentos de polarizaci\u00f3n pol\u00edtica por parte de algunos pa\u00edses que buscan utilizar esta plataforma internacional al servicio de sus propias agendas.<\/p>\n<p style=\"text-align: justify;\">Destac\u00f3 la necesidad de mejorar el esp\u00edritu de consenso entre los estados miembros de forma que armoniza con los principios y objetivos de la Carta de las Naciones Unidas.<\/p>\n<p style=\"text-align: justify;\">El Canciller explic\u00f3 que lo logrado hasta el momento en materia de objetivos de desarrollo sostenible a nivel internacional no llega a las ambiciones m\u00ednimas, lo que requiere un cambio en el enfoque y los m\u00e9todos de trabajo de las Naciones Unidas.<\/p>\n<p style=\"text-align: justify;\">En lo relativo a Siria, la situaci\u00f3n es mucho m\u00e1s compleja debido a las medidas coercitivas unilaterales impuestas por Estados Unidos y la Uni\u00f3n Europea, que le impiden lograr los avances deseados en los objetivos de desarrollo sostenible, y tambi\u00e9n impiden que Siria responsa a las necesidades de sus ciudadanos, asegur\u00f3 el jefe de diplomacia.<\/p>\n<p style=\"text-align: justify;\">Enfatiz\u00f3 la necesidad de que las Naciones Unidas centre su atenci\u00f3n en eliminar todos los obst\u00e1culos que enfrentan los estados miembros para garantizar que nadie se quede atr\u00e1s.<\/p>\n<p style=\"text-align: justify;\">fm\/rr<\/p>\n","protected":false},"excerpt":{"rendered":"<p>Nueva York, 29 sep (SANA)\u00a0 El ministro sirio de Asuntos Exteriores y Expatriados, Bassam Sabbagh, repas\u00f3 con el presidente del actual per\u00edodo de sesiones de la Asamblea General de las Naciones Unidas, Philemon Yang, los aspectos de inter\u00e9s de Siria en el marco de los trabajos de la Asamblea General durante su 79\u00ba per\u00edodo de &hellip;<\/p>\n","protected":false},"author":31,"featured_media":339275,"comment_status":"closed","ping_status":"closed","sticky":false,"template":"","format":"standard","meta":{"footnotes":""},"categories":[597,467,7541],"tags":[],"class_list":["post-339274","post","type-post","status-publish","format-standard","has-post-thumbnail","","category-cinta-de-noticias","category-siria-y-el-mundo","category-ultimas-noticias"],"_links":{"self":[{"href":"https:\/\/archive.sana.sy\/es\/index.php?rest_route=\/wp\/v2\/posts\/339274"}],"collection":[{"href":"https:\/\/archive.sana.sy\/es\/index.php?rest_route=\/wp\/v2\/posts"}],"about":[{"href":"https:\/\/archive.sana.sy\/es\/index.php?rest_route=\/wp\/v2\/types\/post"}],"author":[{"embeddable":true,"href":"https:\/\/archive.sana.sy\/es\/index.php?rest_route=\/wp\/v2\/users\/31"}],"replies":[{"embeddable":true,"href":"https:\/\/archive.sana.sy\/es\/index.php?rest_route=%2Fwp%2Fv2%2Fcomments&post=339274"}],"version-history":[{"count":1,"href":"https:\/\/archive.sana.sy\/es\/index.php?rest_route=\/wp\/v2\/posts\/339274\/revisions"}],"predecessor-version":[{"id":339276,"href":"https:\/\/archive.sana.sy\/es\/index.php?rest_route=\/wp\/v2\/posts\/339274\/revisions\/339276"}],"wp:featuredmedia":[{"embeddable":true,"href":"https:\/\/archive.sana.sy\/es\/index.php?rest_route=\/wp\/v2\/media\/339275"}],"wp:attachment":[{"href":"https:\/\/archive.sana.sy\/es\/index.php?rest_route=%2Fwp%2Fv2%2Fmedia&parent=339274"}],"wp:term":[{"taxonomy":"category","embeddable":true,"href":"https:\/\/archive.sana.sy\/es\/index.php?rest_route=%2Fwp%2Fv2%2Fcategories&post=339274"},{"taxonomy":"post_tag","embeddable":true,"href":"https:\/\/archive.sana.sy\/es\/index.php?rest_route=%2Fwp%2Fv2%2Ftags&post=339274"}],"curies":[{"name":"wp","href":"https:\/\/api.w.org\/{rel}","templated":true}]}}