{"id":339277,"date":"2024-09-29T19:04:14","date_gmt":"2024-09-29T16:04:14","guid":{"rendered":"https:\/\/sana.sy\/es\/?p=339277"},"modified":"2024-09-29T19:15:00","modified_gmt":"2024-09-29T16:15:00","slug":"resistencia-libanesa-anuncia-la-muerte-de-ali-karki","status":"publish","type":"post","link":"https:\/\/archive.sana.sy\/es\/?p=339277","title":{"rendered":"Resistencia Libanesa anuncia la muerte de Ali Karki"},"content":{"rendered":"<p style=\"text-align: justify;\"><span style=\"color: #800000;\"><strong>Beirut, 29 sep (SANA)\u00a0<\/strong><\/span> La Resistencia Libanesa declar\u00f3 m\u00e1rtir al l\u00edder Ali Karki, por la agresi\u00f3n israel\u00ed que tuvo lugar la v\u00edspera contra el suburbio sur de Beirut.<\/p>\n<p style=\"text-align: justify;\">Indic\u00f3 en un comunicado emitido hoy, que Karki perdi\u00f3 la vida en la misma agresi\u00f3n en la que muri\u00f3 el Secretario General de Hezbollah, Sayyed Hassan Nasrallah y un grupo de otros resistentes.<\/p>\n<p style=\"text-align: justify;\">Seg\u00fan el comunicado, Karki asumi\u00f3 el liderazgo de los combatientes de la Resistencia en el sur desde la invasi\u00f3n sionista en 1982, y particip\u00f3 en todos los enfrentamientos contra el ocupante israel\u00ed hasta el 2006.<\/p>\n<p style=\"text-align: justify;\">Fue responsable directo de todos los ejes y unidades en el Frente de Apoyo a Gaza desde el 8 de octubre de 2023 hasta su muerte.<\/p>\n<p style=\"text-align: justify;\">rr<\/p>\n","protected":false},"excerpt":{"rendered":"<p>Beirut, 29 sep (SANA)\u00a0 La Resistencia Libanesa declar\u00f3 m\u00e1rtir al l\u00edder Ali Karki, por la agresi\u00f3n israel\u00ed que tuvo lugar la v\u00edspera contra el suburbio sur de Beirut. Indic\u00f3 en un comunicado emitido hoy, que Karki perdi\u00f3 la vida en la misma agresi\u00f3n en la que muri\u00f3 el Secretario General de Hezbollah, Sayyed Hassan Nasrallah &hellip;<\/p>\n","protected":false},"author":31,"featured_media":339283,"comment_status":"closed","ping_status":"closed","sticky":false,"template":"","format":"standard","meta":{"footnotes":""},"categories":[597,456,16687],"tags":[],"class_list":["post-339277","post","type-post","status-publish","format-standard","has-post-thumbnail","","category-cinta-de-noticias","category-arabe-internacional-politica","category-internacionales"],"_links":{"self":[{"href":"https:\/\/archive.sana.sy\/es\/index.php?rest_route=\/wp\/v2\/posts\/339277"}],"collection":[{"href":"https:\/\/archive.sana.sy\/es\/index.php?rest_route=\/wp\/v2\/posts"}],"about":[{"href":"https:\/\/archive.sana.sy\/es\/index.php?rest_route=\/wp\/v2\/types\/post"}],"author":[{"embeddable":true,"href":"https:\/\/archive.sana.sy\/es\/index.php?rest_route=\/wp\/v2\/users\/31"}],"replies":[{"embeddable":true,"href":"https:\/\/archive.sana.sy\/es\/index.php?rest_route=%2Fwp%2Fv2%2Fcomments&post=339277"}],"version-history":[{"count":1,"href":"https:\/\/archive.sana.sy\/es\/index.php?rest_route=\/wp\/v2\/posts\/339277\/revisions"}],"predecessor-version":[{"id":339279,"href":"https:\/\/archive.sana.sy\/es\/index.php?rest_route=\/wp\/v2\/posts\/339277\/revisions\/339279"}],"wp:featuredmedia":[{"embeddable":true,"href":"https:\/\/archive.sana.sy\/es\/index.php?rest_route=\/wp\/v2\/media\/339283"}],"wp:attachment":[{"href":"https:\/\/archive.sana.sy\/es\/index.php?rest_route=%2Fwp%2Fv2%2Fmedia&parent=339277"}],"wp:term":[{"taxonomy":"category","embeddable":true,"href":"https:\/\/archive.sana.sy\/es\/index.php?rest_route=%2Fwp%2Fv2%2Fcategories&post=339277"},{"taxonomy":"post_tag","embeddable":true,"href":"https:\/\/archive.sana.sy\/es\/index.php?rest_route=%2Fwp%2Fv2%2Ftags&post=339277"}],"curies":[{"name":"wp","href":"https:\/\/api.w.org\/{rel}","templated":true}]}}