{"id":339348,"date":"2024-09-30T18:46:45","date_gmt":"2024-09-30T15:46:45","guid":{"rendered":"https:\/\/sana.sy\/es\/?p=339348"},"modified":"2024-09-30T18:46:45","modified_gmt":"2024-09-30T15:46:45","slug":"naim-qassem-en-la-estructura-de-hezbola-hay-alternativas-de-reserva-listas-si-el-comandante-resulta-afectado","status":"publish","type":"post","link":"https:\/\/archive.sana.sy\/es\/?p=339348","title":{"rendered":"Naim Qassem: En la estructura de Hezbol\u00e1 hay alternativas de reserva listas si el comandante resulta afectado"},"content":{"rendered":"<blockquote>\n<p style=\"text-align: justify;\"><span style=\"color: #993300;\">\u00abSabemos que la batalla ser\u00e1 larga y estamos preparados para afrontar cualquier eventualidad y saldremos victoriosos\u00bb,<\/span><\/p>\n<\/blockquote>\n<p style=\"text-align: justify;\"><span style=\"color: #800000;\"><strong>Beirut, 30 sep (SANA)<\/strong><\/span>\u00a0 \u00a0El vicesecretario general de Hezbol\u00e1, Naim Qassem, afirm\u00f3 hoy la continuidad de la Resistencia en defensa del L\u00edbano y Palestina, a pesar de la p\u00e9rdida de l\u00edderes y la masacre de civiles.<\/p>\n<p style=\"text-align: justify;\">En un discurso tras las recientes agresiones israel\u00edes que asesinaron al secretario general del movimiento Hassan Nasrallah y varios de sus compa\u00f1eros, Qassem refrend\u00f3 la marcha de la Resistencia en sus objetivos y en el campo de la lucha.<\/p>\n<p style=\"text-align: justify;\">Nasrallah es amado por las masas, por los amantes de la libertad y de Palestina, y por todos aquellos que esperan liberarla de la abominaci\u00f3n de los sionistas y romper el poder de la arrogancia israel\u00ed- estadounidense, sentenci\u00f3 citado por Prensa Latina .<\/p>\n<p style=\"text-align: justify;\">De acuerdo con el dirigente de Hezbol\u00e1, el sistema de liderazgo contin\u00faa con la precisi\u00f3n establecida y estipulada por Nasrallah, adem\u00e1s de los planes alternativos.<\/p>\n<p style=\"text-align: justify;\">En su comparecencia, enfatiz\u00f3 en el apoyo a Gaza y la defensa a Palestina al mismo ritmo y como parte del plan de batalla y la necesidad en el campo.<\/p>\n<p style=\"text-align: justify;\">\u00abSabemos que la batalla ser\u00e1 larga y estamos preparados para afrontar cualquier eventualidad y saldremos victoriosos\u00bb, manifest\u00f3.<\/p>\n<p style=\"text-align: justify;\">Qassem reiter\u00f3 que en la estructura de Hezbol\u00e1 hay \u00abcomandantes adjuntos y alternativas de reserva listas si el comandante resulta afectado en cualquier posici\u00f3n\u00bb.<\/p>\n<p style=\"text-align: justify;\">Confirm\u00f3 la elecci\u00f3n lo antes posible del nuevo secretario general de acuerdo con el mecanismo aprobado internamente, y agreg\u00f3: \u00ablas elecciones en el partido ser\u00e1n f\u00e1ciles porque son claras y somos como un solo coraz\u00f3n\u00bb.<\/p>\n<p style=\"text-align: justify;\">fm\/rr<\/p>\n","protected":false},"excerpt":{"rendered":"<p>\u00abSabemos que la batalla ser\u00e1 larga y estamos preparados para afrontar cualquier eventualidad y saldremos victoriosos\u00bb, Beirut, 30 sep (SANA)\u00a0 \u00a0El vicesecretario general de Hezbol\u00e1, Naim Qassem, afirm\u00f3 hoy la continuidad de la Resistencia en defensa del L\u00edbano y Palestina, a pesar de la p\u00e9rdida de l\u00edderes y la masacre de civiles. En un discurso &hellip;<\/p>\n","protected":false},"author":31,"featured_media":339349,"comment_status":"closed","ping_status":"closed","sticky":false,"template":"","format":"standard","meta":{"footnotes":""},"categories":[597,456,16687,7541],"tags":[],"class_list":["post-339348","post","type-post","status-publish","format-standard","has-post-thumbnail","","category-cinta-de-noticias","category-arabe-internacional-politica","category-internacionales","category-ultimas-noticias"],"_links":{"self":[{"href":"https:\/\/archive.sana.sy\/es\/index.php?rest_route=\/wp\/v2\/posts\/339348"}],"collection":[{"href":"https:\/\/archive.sana.sy\/es\/index.php?rest_route=\/wp\/v2\/posts"}],"about":[{"href":"https:\/\/archive.sana.sy\/es\/index.php?rest_route=\/wp\/v2\/types\/post"}],"author":[{"embeddable":true,"href":"https:\/\/archive.sana.sy\/es\/index.php?rest_route=\/wp\/v2\/users\/31"}],"replies":[{"embeddable":true,"href":"https:\/\/archive.sana.sy\/es\/index.php?rest_route=%2Fwp%2Fv2%2Fcomments&post=339348"}],"version-history":[{"count":1,"href":"https:\/\/archive.sana.sy\/es\/index.php?rest_route=\/wp\/v2\/posts\/339348\/revisions"}],"predecessor-version":[{"id":339350,"href":"https:\/\/archive.sana.sy\/es\/index.php?rest_route=\/wp\/v2\/posts\/339348\/revisions\/339350"}],"wp:featuredmedia":[{"embeddable":true,"href":"https:\/\/archive.sana.sy\/es\/index.php?rest_route=\/wp\/v2\/media\/339349"}],"wp:attachment":[{"href":"https:\/\/archive.sana.sy\/es\/index.php?rest_route=%2Fwp%2Fv2%2Fmedia&parent=339348"}],"wp:term":[{"taxonomy":"category","embeddable":true,"href":"https:\/\/archive.sana.sy\/es\/index.php?rest_route=%2Fwp%2Fv2%2Fcategories&post=339348"},{"taxonomy":"post_tag","embeddable":true,"href":"https:\/\/archive.sana.sy\/es\/index.php?rest_route=%2Fwp%2Fv2%2Ftags&post=339348"}],"curies":[{"name":"wp","href":"https:\/\/api.w.org\/{rel}","templated":true}]}}