{"id":339351,"date":"2024-09-30T20:08:22","date_gmt":"2024-09-30T17:08:22","guid":{"rendered":"https:\/\/sana.sy\/es\/?p=339351"},"modified":"2024-09-30T20:09:32","modified_gmt":"2024-09-30T17:09:32","slug":"rusia-ofrece-ayuda-escolar-a-un-orfanato-en-latakia","status":"publish","type":"post","link":"https:\/\/archive.sana.sy\/es\/?p=339351","title":{"rendered":"Rusia ofrece ayuda escolar a un orfanato en Latakia (+fotos)"},"content":{"rendered":"<p style=\"text-align: justify;\"><span style=\"color: #800000;\"><strong>Latakia, 30 sep (SANA)\u00a0<\/strong><\/span> Una delegaci\u00f3n de la provincia rusa de Nizhni N\u00f3vgorod entreg\u00f3 hoy una ayuda escolar prestada por el Ministerio de Educaci\u00f3n de Rusia a un orfanato afiliado a la Sociedad de Misiones Caritativas en la provincia de Latakia.<\/p>\n<p style=\"text-align: justify;\">El director de la Sociedad, Fawaz Dal\u00ed, se\u00f1al\u00f3 que la parte rusa seguir\u00e1 efectuando visitas al orfanato para estar al tanto de los trabajos de restauraci\u00f3n del mismo y garantizar lo necesario para mejorar la calidad de los servicios prestados a sus residentes.<\/p>\n<p style=\"text-align: justify;\">Asimismo, la delegaci\u00f3n rusa inaugur\u00f3 un aula interactiva para la ense\u00f1anza del idioma ruso en la escuela \u201cKumait Bledi\u201d para estudiantes sobresalientes.<\/p>\n<p style=\"text-align: justify;\">El vicegobernador de la provincia rusa, Pyotr Vitalievich Pannikov, explic\u00f3 a SANA que este ayuda se enmarca en la confirmaci\u00f3n de las relaciones amistosas entre los dos pueblos sirio y ruso.<\/p>\n<p style=\"text-align: justify;\">Por su parte, la viceministra rusa de Educaci\u00f3n, Irina Kizilova Arsenevna, afirm\u00f3 que la apertura del aula interactiva facilitar\u00e1 el proceso de aprendizaje y subray\u00f3 el apoyo de la gobernaci\u00f3n de Latakia para proporcionar los suministros necesarios.<\/p>\n<p style=\"text-align: justify;\">El presidente del Consejo de la Gobernaci\u00f3n de Latakia, Tayseer Habib, dijo que la visita de esta delegaci\u00f3n refleja el inter\u00e9s de la parte rusa en fortalecer la cooperaci\u00f3n con la gobernaci\u00f3n en el sector educativo con el fin de mejorarlo despu\u00e9s de los graves da\u00f1os que sufri\u00f3 debido a la guerra.<\/p>\n<div id='gallery-1' class='gallery galleryid-339351 gallery-columns-3 gallery-size-medium'><figure class='gallery-item'>\n\t\t\t<div class='gallery-icon landscape'>\n\t\t\t\t<a href='https:\/\/archive.sana.sy\/es\/wp-content\/uploads\/2024\/09\/DSC_2193-scaled.jpg'><img loading=\"lazy\" decoding=\"async\" width=\"300\" height=\"200\" src=\"https:\/\/archive.sana.sy\/es\/wp-content\/uploads\/2024\/09\/DSC_2193-300x200.jpg\" class=\"attachment-medium size-medium\" alt=\"\" srcset=\"https:\/\/archive.sana.sy\/es\/wp-content\/uploads\/2024\/09\/DSC_2193-300x200.jpg 300w, https:\/\/archive.sana.sy\/es\/wp-content\/uploads\/2024\/09\/DSC_2193-1024x683.jpg 1024w, https:\/\/archive.sana.sy\/es\/wp-content\/uploads\/2024\/09\/DSC_2193-150x100.jpg 150w, https:\/\/archive.sana.sy\/es\/wp-content\/uploads\/2024\/09\/DSC_2193-768x512.jpg 768w, https:\/\/archive.sana.sy\/es\/wp-content\/uploads\/2024\/09\/DSC_2193-1536x1024.jpg 1536w, https:\/\/archive.sana.sy\/es\/wp-content\/uploads\/2024\/09\/DSC_2193-2048x1365.jpg 2048w\" sizes=\"(max-width: 300px) 100vw, 300px\" \/><\/a>\n\t\t\t<\/div><\/figure><figure class='gallery-item'>\n\t\t\t<div class='gallery-icon landscape'>\n\t\t\t\t<a href='https:\/\/archive.sana.sy\/es\/wp-content\/uploads\/2024\/09\/DSC_2202-scaled.jpg'><img loading=\"lazy\" decoding=\"async\" width=\"300\" height=\"200\" src=\"https:\/\/archive.sana.sy\/es\/wp-content\/uploads\/2024\/09\/DSC_2202-300x200.jpg\" class=\"attachment-medium size-medium\" alt=\"\" srcset=\"https:\/\/archive.sana.sy\/es\/wp-content\/uploads\/2024\/09\/DSC_2202-300x200.jpg 300w, https:\/\/archive.sana.sy\/es\/wp-content\/uploads\/2024\/09\/DSC_2202-1024x683.jpg 1024w, https:\/\/archive.sana.sy\/es\/wp-content\/uploads\/2024\/09\/DSC_2202-150x100.jpg 150w, https:\/\/archive.sana.sy\/es\/wp-content\/uploads\/2024\/09\/DSC_2202-768x512.jpg 768w, https:\/\/archive.sana.sy\/es\/wp-content\/uploads\/2024\/09\/DSC_2202-1536x1024.jpg 1536w, https:\/\/archive.sana.sy\/es\/wp-content\/uploads\/2024\/09\/DSC_2202-2048x1365.jpg 2048w\" sizes=\"(max-width: 300px) 100vw, 300px\" \/><\/a>\n\t\t\t<\/div><\/figure><figure class='gallery-item'>\n\t\t\t<div class='gallery-icon landscape'>\n\t\t\t\t<a href='https:\/\/archive.sana.sy\/es\/wp-content\/uploads\/2024\/09\/DSC_2248-scaled.jpg'><img loading=\"lazy\" decoding=\"async\" width=\"300\" height=\"201\" src=\"https:\/\/archive.sana.sy\/es\/wp-content\/uploads\/2024\/09\/DSC_2248-300x201.jpg\" class=\"attachment-medium size-medium\" alt=\"\" srcset=\"https:\/\/archive.sana.sy\/es\/wp-content\/uploads\/2024\/09\/DSC_2248-300x201.jpg 300w, https:\/\/archive.sana.sy\/es\/wp-content\/uploads\/2024\/09\/DSC_2248-1024x687.jpg 1024w, https:\/\/archive.sana.sy\/es\/wp-content\/uploads\/2024\/09\/DSC_2248-150x101.jpg 150w, https:\/\/archive.sana.sy\/es\/wp-content\/uploads\/2024\/09\/DSC_2248-768x515.jpg 768w, https:\/\/archive.sana.sy\/es\/wp-content\/uploads\/2024\/09\/DSC_2248-1536x1030.jpg 1536w, https:\/\/archive.sana.sy\/es\/wp-content\/uploads\/2024\/09\/DSC_2248-2048x1373.jpg 2048w, https:\/\/archive.sana.sy\/es\/wp-content\/uploads\/2024\/09\/DSC_2248-110x75.jpg 110w\" sizes=\"(max-width: 300px) 100vw, 300px\" \/><\/a>\n\t\t\t<\/div><\/figure><figure class='gallery-item'>\n\t\t\t<div class='gallery-icon landscape'>\n\t\t\t\t<a href='https:\/\/archive.sana.sy\/es\/wp-content\/uploads\/2024\/09\/DSC_2255-scaled.jpg'><img loading=\"lazy\" decoding=\"async\" width=\"300\" height=\"200\" src=\"https:\/\/archive.sana.sy\/es\/wp-content\/uploads\/2024\/09\/DSC_2255-300x200.jpg\" class=\"attachment-medium size-medium\" alt=\"\" srcset=\"https:\/\/archive.sana.sy\/es\/wp-content\/uploads\/2024\/09\/DSC_2255-300x200.jpg 300w, https:\/\/archive.sana.sy\/es\/wp-content\/uploads\/2024\/09\/DSC_2255-1024x683.jpg 1024w, https:\/\/archive.sana.sy\/es\/wp-content\/uploads\/2024\/09\/DSC_2255-150x100.jpg 150w, https:\/\/archive.sana.sy\/es\/wp-content\/uploads\/2024\/09\/DSC_2255-768x512.jpg 768w, https:\/\/archive.sana.sy\/es\/wp-content\/uploads\/2024\/09\/DSC_2255-1536x1024.jpg 1536w, https:\/\/archive.sana.sy\/es\/wp-content\/uploads\/2024\/09\/DSC_2255-2048x1365.jpg 2048w\" sizes=\"(max-width: 300px) 100vw, 300px\" \/><\/a>\n\t\t\t<\/div><\/figure><figure class='gallery-item'>\n\t\t\t<div class='gallery-icon landscape'>\n\t\t\t\t<a href='https:\/\/archive.sana.sy\/es\/wp-content\/uploads\/2024\/09\/DSC_2306-scaled.jpg'><img loading=\"lazy\" decoding=\"async\" width=\"300\" height=\"194\" src=\"https:\/\/archive.sana.sy\/es\/wp-content\/uploads\/2024\/09\/DSC_2306-300x194.jpg\" class=\"attachment-medium size-medium\" alt=\"\" srcset=\"https:\/\/archive.sana.sy\/es\/wp-content\/uploads\/2024\/09\/DSC_2306-300x194.jpg 300w, https:\/\/archive.sana.sy\/es\/wp-content\/uploads\/2024\/09\/DSC_2306-1024x661.jpg 1024w, https:\/\/archive.sana.sy\/es\/wp-content\/uploads\/2024\/09\/DSC_2306-150x97.jpg 150w, https:\/\/archive.sana.sy\/es\/wp-content\/uploads\/2024\/09\/DSC_2306-768x496.jpg 768w, https:\/\/archive.sana.sy\/es\/wp-content\/uploads\/2024\/09\/DSC_2306-1536x991.jpg 1536w, https:\/\/archive.sana.sy\/es\/wp-content\/uploads\/2024\/09\/DSC_2306-2048x1322.jpg 2048w\" sizes=\"(max-width: 300px) 100vw, 300px\" \/><\/a>\n\t\t\t<\/div><\/figure><figure class='gallery-item'>\n\t\t\t<div class='gallery-icon landscape'>\n\t\t\t\t<a href='https:\/\/archive.sana.sy\/es\/wp-content\/uploads\/2024\/09\/DSC_2314-scaled.jpg'><img loading=\"lazy\" decoding=\"async\" width=\"300\" height=\"210\" src=\"https:\/\/archive.sana.sy\/es\/wp-content\/uploads\/2024\/09\/DSC_2314-300x210.jpg\" class=\"attachment-medium size-medium\" alt=\"\" srcset=\"https:\/\/archive.sana.sy\/es\/wp-content\/uploads\/2024\/09\/DSC_2314-300x210.jpg 300w, https:\/\/archive.sana.sy\/es\/wp-content\/uploads\/2024\/09\/DSC_2314-1024x718.jpg 1024w, https:\/\/archive.sana.sy\/es\/wp-content\/uploads\/2024\/09\/DSC_2314-150x105.jpg 150w, https:\/\/archive.sana.sy\/es\/wp-content\/uploads\/2024\/09\/DSC_2314-768x538.jpg 768w, https:\/\/archive.sana.sy\/es\/wp-content\/uploads\/2024\/09\/DSC_2314-1536x1076.jpg 1536w, https:\/\/archive.sana.sy\/es\/wp-content\/uploads\/2024\/09\/DSC_2314-2048x1435.jpg 2048w\" sizes=\"(max-width: 300px) 100vw, 300px\" \/><\/a>\n\t\t\t<\/div><\/figure><figure class='gallery-item'>\n\t\t\t<div class='gallery-icon landscape'>\n\t\t\t\t<a href='https:\/\/archive.sana.sy\/es\/wp-content\/uploads\/2024\/09\/DSC_2347-scaled.jpg'><img loading=\"lazy\" decoding=\"async\" width=\"300\" height=\"192\" src=\"https:\/\/archive.sana.sy\/es\/wp-content\/uploads\/2024\/09\/DSC_2347-300x192.jpg\" class=\"attachment-medium size-medium\" alt=\"\" srcset=\"https:\/\/archive.sana.sy\/es\/wp-content\/uploads\/2024\/09\/DSC_2347-300x192.jpg 300w, https:\/\/archive.sana.sy\/es\/wp-content\/uploads\/2024\/09\/DSC_2347-1024x654.jpg 1024w, https:\/\/archive.sana.sy\/es\/wp-content\/uploads\/2024\/09\/DSC_2347-150x96.jpg 150w, https:\/\/archive.sana.sy\/es\/wp-content\/uploads\/2024\/09\/DSC_2347-768x491.jpg 768w, https:\/\/archive.sana.sy\/es\/wp-content\/uploads\/2024\/09\/DSC_2347-1536x982.jpg 1536w, https:\/\/archive.sana.sy\/es\/wp-content\/uploads\/2024\/09\/DSC_2347-2048x1309.jpg 2048w\" sizes=\"(max-width: 300px) 100vw, 300px\" \/><\/a>\n\t\t\t<\/div><\/figure><figure class='gallery-item'>\n\t\t\t<div class='gallery-icon landscape'>\n\t\t\t\t<a href='https:\/\/archive.sana.sy\/es\/wp-content\/uploads\/2024\/09\/DSC_2362-scaled.jpg'><img loading=\"lazy\" decoding=\"async\" width=\"300\" height=\"229\" src=\"https:\/\/archive.sana.sy\/es\/wp-content\/uploads\/2024\/09\/DSC_2362-300x229.jpg\" class=\"attachment-medium size-medium\" alt=\"\" srcset=\"https:\/\/archive.sana.sy\/es\/wp-content\/uploads\/2024\/09\/DSC_2362-300x229.jpg 300w, https:\/\/archive.sana.sy\/es\/wp-content\/uploads\/2024\/09\/DSC_2362-1024x783.jpg 1024w, https:\/\/archive.sana.sy\/es\/wp-content\/uploads\/2024\/09\/DSC_2362-150x115.jpg 150w, https:\/\/archive.sana.sy\/es\/wp-content\/uploads\/2024\/09\/DSC_2362-768x587.jpg 768w, https:\/\/archive.sana.sy\/es\/wp-content\/uploads\/2024\/09\/DSC_2362-1536x1174.jpg 1536w, https:\/\/archive.sana.sy\/es\/wp-content\/uploads\/2024\/09\/DSC_2362-2048x1565.jpg 2048w\" sizes=\"(max-width: 300px) 100vw, 300px\" \/><\/a>\n\t\t\t<\/div><\/figure><figure class='gallery-item'>\n\t\t\t<div class='gallery-icon landscape'>\n\t\t\t\t<a href='https:\/\/archive.sana.sy\/es\/wp-content\/uploads\/2024\/09\/DSC_2392-scaled.jpg'><img loading=\"lazy\" decoding=\"async\" width=\"300\" height=\"193\" src=\"https:\/\/archive.sana.sy\/es\/wp-content\/uploads\/2024\/09\/DSC_2392-300x193.jpg\" class=\"attachment-medium size-medium\" alt=\"\" srcset=\"https:\/\/archive.sana.sy\/es\/wp-content\/uploads\/2024\/09\/DSC_2392-300x193.jpg 300w, https:\/\/archive.sana.sy\/es\/wp-content\/uploads\/2024\/09\/DSC_2392-1024x658.jpg 1024w, https:\/\/archive.sana.sy\/es\/wp-content\/uploads\/2024\/09\/DSC_2392-150x96.jpg 150w, https:\/\/archive.sana.sy\/es\/wp-content\/uploads\/2024\/09\/DSC_2392-768x493.jpg 768w, https:\/\/archive.sana.sy\/es\/wp-content\/uploads\/2024\/09\/DSC_2392-1536x986.jpg 1536w, https:\/\/archive.sana.sy\/es\/wp-content\/uploads\/2024\/09\/DSC_2392-2048x1315.jpg 2048w\" sizes=\"(max-width: 300px) 100vw, 300px\" \/><\/a>\n\t\t\t<\/div><\/figure>\n\t\t<\/div>\n\n<p style=\"text-align: justify;\">rr<\/p>\n","protected":false},"excerpt":{"rendered":"<p>Latakia, 30 sep (SANA)\u00a0 Una delegaci\u00f3n de la provincia rusa de Nizhni N\u00f3vgorod entreg\u00f3 hoy una ayuda escolar prestada por el Ministerio de Educaci\u00f3n de Rusia a un orfanato afiliado a la Sociedad de Misiones Caritativas en la provincia de Latakia. El director de la Sociedad, Fawaz Dal\u00ed, se\u00f1al\u00f3 que la parte rusa seguir\u00e1 efectuando &hellip;<\/p>\n","protected":false},"author":31,"featured_media":339352,"comment_status":"closed","ping_status":"closed","sticky":false,"template":"","format":"standard","meta":{"footnotes":""},"categories":[597,467,7541],"tags":[],"class_list":["post-339351","post","type-post","status-publish","format-standard","has-post-thumbnail","","category-cinta-de-noticias","category-siria-y-el-mundo","category-ultimas-noticias"],"_links":{"self":[{"href":"https:\/\/archive.sana.sy\/es\/index.php?rest_route=\/wp\/v2\/posts\/339351"}],"collection":[{"href":"https:\/\/archive.sana.sy\/es\/index.php?rest_route=\/wp\/v2\/posts"}],"about":[{"href":"https:\/\/archive.sana.sy\/es\/index.php?rest_route=\/wp\/v2\/types\/post"}],"author":[{"embeddable":true,"href":"https:\/\/archive.sana.sy\/es\/index.php?rest_route=\/wp\/v2\/users\/31"}],"replies":[{"embeddable":true,"href":"https:\/\/archive.sana.sy\/es\/index.php?rest_route=%2Fwp%2Fv2%2Fcomments&post=339351"}],"version-history":[{"count":2,"href":"https:\/\/archive.sana.sy\/es\/index.php?rest_route=\/wp\/v2\/posts\/339351\/revisions"}],"predecessor-version":[{"id":339365,"href":"https:\/\/archive.sana.sy\/es\/index.php?rest_route=\/wp\/v2\/posts\/339351\/revisions\/339365"}],"wp:featuredmedia":[{"embeddable":true,"href":"https:\/\/archive.sana.sy\/es\/index.php?rest_route=\/wp\/v2\/media\/339352"}],"wp:attachment":[{"href":"https:\/\/archive.sana.sy\/es\/index.php?rest_route=%2Fwp%2Fv2%2Fmedia&parent=339351"}],"wp:term":[{"taxonomy":"category","embeddable":true,"href":"https:\/\/archive.sana.sy\/es\/index.php?rest_route=%2Fwp%2Fv2%2Fcategories&post=339351"},{"taxonomy":"post_tag","embeddable":true,"href":"https:\/\/archive.sana.sy\/es\/index.php?rest_route=%2Fwp%2Fv2%2Ftags&post=339351"}],"curies":[{"name":"wp","href":"https:\/\/api.w.org\/{rel}","templated":true}]}}