{"id":339372,"date":"2024-09-30T20:42:03","date_gmt":"2024-09-30T17:42:03","guid":{"rendered":"https:\/\/sana.sy\/es\/?p=339372"},"modified":"2024-09-30T20:42:03","modified_gmt":"2024-09-30T17:42:03","slug":"siria-y-acnur-examinan-formas-de-garantizar-las-necesidades-de-las-personas-que-llegan-del-libano","status":"publish","type":"post","link":"https:\/\/archive.sana.sy\/es\/?p=339372","title":{"rendered":"Siria y ACNUR examinan formas de garantizar las necesidades de las personas que llegan del L\u00edbano"},"content":{"rendered":"<p style=\"text-align: justify;\"><span style=\"color: #800000;\"><strong>Damasco, 30 sep (SANA)\u00a0\u00a0<\/strong><\/span> La reuni\u00f3n sostenida por el gobernador de Damasco, Muhammad Tariq Krishati, con el jefe de la Misi\u00f3n del Alto Comisionado de las Naciones Unidas para los Refugiados (ACNUR) en Siria, Gonzalo Gabriel Vargas Llosa y la delegaci\u00f3n acompa\u00f1ante, abord\u00f3 las formas de mejorar la cooperaci\u00f3n entre las dos partes para garantizar las necesidades de los libaneses que llegan a Damasco a consecuencia de la actual agresi\u00f3n israel\u00ed.<\/p>\n<p style=\"text-align: justify;\">Los dos lados estudiaron las necesidades humanitarias y de socorro requeridas al respecto, y los procedimientos adoptados por la Gobernaci\u00f3n para entregar los suministros a los llegados desde el L\u00edbano.<\/p>\n<p style=\"text-align: justify;\">Krishati afirm\u00f3 que el gobierno sirio hace todo lo posible para garantizar las necesidades b\u00e1sicas para los libaneses reci\u00e9n llegados, y destac\u00f3 la respuesta r\u00e1pida de ACNUR para asegurar los suministros y la atenci\u00f3n m\u00e9dica para ellos.<\/p>\n<p style=\"text-align: justify;\">Por su parte, Llosa afirm\u00f3 que ACNUR redoblar\u00e1 su esfuerzo para garantizar las necesidades acuciantes de los libaneses que entran en Siria, y se comunicar\u00e1 al respecto con las organizaciones internacionales y no gubernamentales.<\/p>\n<p style=\"text-align: justify;\">Expres\u00f3 su gratitud por el apoyo y la hospitalidad que mostraron el gobierno y pueblo sirios al recibir a los civiles libaneses.<\/p>\n<p>ahs\/rr\/fm<\/p>\n","protected":false},"excerpt":{"rendered":"<p>Damasco, 30 sep (SANA)\u00a0\u00a0 La reuni\u00f3n sostenida por el gobernador de Damasco, Muhammad Tariq Krishati, con el jefe de la Misi\u00f3n del Alto Comisionado de las Naciones Unidas para los Refugiados (ACNUR) en Siria, Gonzalo Gabriel Vargas Llosa y la delegaci\u00f3n acompa\u00f1ante, abord\u00f3 las formas de mejorar la cooperaci\u00f3n entre las dos partes para garantizar &hellip;<\/p>\n","protected":false},"author":43,"featured_media":339373,"comment_status":"closed","ping_status":"closed","sticky":false,"template":"","format":"standard","meta":{"footnotes":""},"categories":[597,20724,476,7541],"tags":[],"class_list":["post-339372","post","type-post","status-publish","format-standard","has-post-thumbnail","","category-cinta-de-noticias","category-minuto-a-minuto","category-locales","category-ultimas-noticias"],"_links":{"self":[{"href":"https:\/\/archive.sana.sy\/es\/index.php?rest_route=\/wp\/v2\/posts\/339372"}],"collection":[{"href":"https:\/\/archive.sana.sy\/es\/index.php?rest_route=\/wp\/v2\/posts"}],"about":[{"href":"https:\/\/archive.sana.sy\/es\/index.php?rest_route=\/wp\/v2\/types\/post"}],"author":[{"embeddable":true,"href":"https:\/\/archive.sana.sy\/es\/index.php?rest_route=\/wp\/v2\/users\/43"}],"replies":[{"embeddable":true,"href":"https:\/\/archive.sana.sy\/es\/index.php?rest_route=%2Fwp%2Fv2%2Fcomments&post=339372"}],"version-history":[{"count":1,"href":"https:\/\/archive.sana.sy\/es\/index.php?rest_route=\/wp\/v2\/posts\/339372\/revisions"}],"predecessor-version":[{"id":339374,"href":"https:\/\/archive.sana.sy\/es\/index.php?rest_route=\/wp\/v2\/posts\/339372\/revisions\/339374"}],"wp:featuredmedia":[{"embeddable":true,"href":"https:\/\/archive.sana.sy\/es\/index.php?rest_route=\/wp\/v2\/media\/339373"}],"wp:attachment":[{"href":"https:\/\/archive.sana.sy\/es\/index.php?rest_route=%2Fwp%2Fv2%2Fmedia&parent=339372"}],"wp:term":[{"taxonomy":"category","embeddable":true,"href":"https:\/\/archive.sana.sy\/es\/index.php?rest_route=%2Fwp%2Fv2%2Fcategories&post=339372"},{"taxonomy":"post_tag","embeddable":true,"href":"https:\/\/archive.sana.sy\/es\/index.php?rest_route=%2Fwp%2Fv2%2Ftags&post=339372"}],"curies":[{"name":"wp","href":"https:\/\/api.w.org\/{rel}","templated":true}]}}