{"id":339375,"date":"2024-09-30T20:48:23","date_gmt":"2024-09-30T17:48:23","guid":{"rendered":"https:\/\/sana.sy\/es\/?p=339375"},"modified":"2024-09-30T20:49:26","modified_gmt":"2024-09-30T17:49:26","slug":"fuerzas-yemenies-derriban-un-dron-estadounidense-en-saada","status":"publish","type":"post","link":"https:\/\/archive.sana.sy\/es\/?p=339375","title":{"rendered":"Fuerzas yemen\u00edes derriban un dron estadounidense en Saada"},"content":{"rendered":"<p style=\"text-align: justify;\"><span style=\"color: #800000;\"><strong>San\u00e1, 30 sep (SANA)<\/strong> <\/span>Las defensas a\u00e9reas yemen\u00edes derribaron un avi\u00f3n no tripulado estadounidense \u201cMQ-9\u201d\u00a0 mientras realizaba misiones hostiles en el espacio a\u00e9reo de la gobernaci\u00f3n de Saada.<\/p>\n<p style=\"text-align: justify;\">\u201cEsto es el und\u00e9cimo dron de este tipo que las fuerzas yemen\u00edes lograron derribar\u201d, declararon hoy las Fuerzas Armadas de Yemen en un comunicado.<\/p>\n<p style=\"text-align: justify;\">Cabe se\u00f1alar que \u201cIsrael\u201d con el apoyo estadounidense lanz\u00f3 ayer 17 ataques contra varias instalaciones civiles en la gobernaci\u00f3n yemen\u00ed de Hodeidah, lo que provoc\u00f3 la muerte de cinco yemen\u00edes y la herida a otros 57.<\/p>\n<p>ahs\/rr<\/p>\n","protected":false},"excerpt":{"rendered":"<p>San\u00e1, 30 sep (SANA) Las defensas a\u00e9reas yemen\u00edes derribaron un avi\u00f3n no tripulado estadounidense \u201cMQ-9\u201d\u00a0 mientras realizaba misiones hostiles en el espacio a\u00e9reo de la gobernaci\u00f3n de Saada. \u201cEsto es el und\u00e9cimo dron de este tipo que las fuerzas yemen\u00edes lograron derribar\u201d, declararon hoy las Fuerzas Armadas de Yemen en un comunicado. Cabe se\u00f1alar que &hellip;<\/p>\n","protected":false},"author":43,"featured_media":339376,"comment_status":"closed","ping_status":"closed","sticky":false,"template":"","format":"standard","meta":{"footnotes":""},"categories":[597,456,20724],"tags":[],"class_list":["post-339375","post","type-post","status-publish","format-standard","has-post-thumbnail","","category-cinta-de-noticias","category-arabe-internacional-politica","category-minuto-a-minuto"],"_links":{"self":[{"href":"https:\/\/archive.sana.sy\/es\/index.php?rest_route=\/wp\/v2\/posts\/339375"}],"collection":[{"href":"https:\/\/archive.sana.sy\/es\/index.php?rest_route=\/wp\/v2\/posts"}],"about":[{"href":"https:\/\/archive.sana.sy\/es\/index.php?rest_route=\/wp\/v2\/types\/post"}],"author":[{"embeddable":true,"href":"https:\/\/archive.sana.sy\/es\/index.php?rest_route=\/wp\/v2\/users\/43"}],"replies":[{"embeddable":true,"href":"https:\/\/archive.sana.sy\/es\/index.php?rest_route=%2Fwp%2Fv2%2Fcomments&post=339375"}],"version-history":[{"count":1,"href":"https:\/\/archive.sana.sy\/es\/index.php?rest_route=\/wp\/v2\/posts\/339375\/revisions"}],"predecessor-version":[{"id":339377,"href":"https:\/\/archive.sana.sy\/es\/index.php?rest_route=\/wp\/v2\/posts\/339375\/revisions\/339377"}],"wp:featuredmedia":[{"embeddable":true,"href":"https:\/\/archive.sana.sy\/es\/index.php?rest_route=\/wp\/v2\/media\/339376"}],"wp:attachment":[{"href":"https:\/\/archive.sana.sy\/es\/index.php?rest_route=%2Fwp%2Fv2%2Fmedia&parent=339375"}],"wp:term":[{"taxonomy":"category","embeddable":true,"href":"https:\/\/archive.sana.sy\/es\/index.php?rest_route=%2Fwp%2Fv2%2Fcategories&post=339375"},{"taxonomy":"post_tag","embeddable":true,"href":"https:\/\/archive.sana.sy\/es\/index.php?rest_route=%2Fwp%2Fv2%2Ftags&post=339375"}],"curies":[{"name":"wp","href":"https:\/\/api.w.org\/{rel}","templated":true}]}}