{"id":339378,"date":"2024-10-01T05:29:18","date_gmt":"2024-10-01T02:29:18","guid":{"rendered":"https:\/\/sana.sy\/es\/?p=339378"},"modified":"2024-10-01T05:29:18","modified_gmt":"2024-10-01T02:29:18","slug":"tres-muertos-en-agresion-israeli-con-misiles-y-drones-contra-damasco-fotos","status":"publish","type":"post","link":"https:\/\/archive.sana.sy\/es\/?p=339378","title":{"rendered":"Tres muertos en agresi\u00f3n israel\u00ed con misiles y drones contra Damasco (+ fotos)"},"content":{"rendered":"<p>Damasco, 1 oct (SANA)\u00a0 El Ministerio de Defensa de Siria confirm\u00f3 hoy la muerte de tres civiles y la ocurrencia de grandes p\u00e9rdidas materiales por la agresi\u00f3n israel\u00ed perpetrada contra la ciudad de Damasco y sus alrededores.<\/p>\n<p>Por medio de una nota de prensa, el ente castrense indic\u00f3 que alrededor de las 2:05 am hora local de este martes, 1 de octubre, el enemigo israel\u00ed lanz\u00f3 un ataque a\u00e9reo con drones y misiles desde la direcci\u00f3n del Gol\u00e1n sirio ocupado, contra varios puntos en la ciudad de Damasco.<\/p>\n<p>Nuestras unidades de defensa a\u00e9rea actuaron y derribaron la mayor\u00eda de los proyectiles y veh\u00edculos a\u00e9reos no tripulados, detall\u00f3 el texto de la nota que lleg\u00f3 a nuestra redacci\u00f3n en SANA.<\/p>\n<p>La agresi\u00f3n provoc\u00f3 la muerte de tres civiles y heridas a otros nueve, adem\u00e1s de la ocurrencia de grandes da\u00f1os materiales en las propiedades privadas.<\/p>\n<p>fm<\/p>\n<div id='gallery-1' class='gallery galleryid-339378 gallery-columns-1 gallery-size-full'><figure class='gallery-item'>\n\t\t\t<div class='gallery-icon landscape'>\n\t\t\t\t<a href='https:\/\/archive.sana.sy\/es\/wp-content\/uploads\/2024\/10\/photo_2024-10-01_03-50-41.jpg'><img loading=\"lazy\" decoding=\"async\" width=\"660\" height=\"514\" src=\"https:\/\/archive.sana.sy\/es\/wp-content\/uploads\/2024\/10\/photo_2024-10-01_03-50-41.jpg\" class=\"attachment-full size-full\" alt=\"\" srcset=\"https:\/\/archive.sana.sy\/es\/wp-content\/uploads\/2024\/10\/photo_2024-10-01_03-50-41.jpg 660w, https:\/\/archive.sana.sy\/es\/wp-content\/uploads\/2024\/10\/photo_2024-10-01_03-50-41-300x234.jpg 300w, https:\/\/archive.sana.sy\/es\/wp-content\/uploads\/2024\/10\/photo_2024-10-01_03-50-41-150x117.jpg 150w\" sizes=\"(max-width: 660px) 100vw, 660px\" \/><\/a>\n\t\t\t<\/div><\/figure><figure class='gallery-item'>\n\t\t\t<div class='gallery-icon landscape'>\n\t\t\t\t<a href='https:\/\/archive.sana.sy\/es\/wp-content\/uploads\/2024\/10\/\u0631\u0631-660x330-2.jpg'><img loading=\"lazy\" decoding=\"async\" width=\"660\" height=\"330\" src=\"https:\/\/archive.sana.sy\/es\/wp-content\/uploads\/2024\/10\/\u0631\u0631-660x330-2.jpg\" class=\"attachment-full size-full\" alt=\"\" srcset=\"https:\/\/archive.sana.sy\/es\/wp-content\/uploads\/2024\/10\/\u0631\u0631-660x330-2.jpg 660w, https:\/\/archive.sana.sy\/es\/wp-content\/uploads\/2024\/10\/\u0631\u0631-660x330-2-300x150.jpg 300w, https:\/\/archive.sana.sy\/es\/wp-content\/uploads\/2024\/10\/\u0631\u0631-660x330-2-150x75.jpg 150w\" sizes=\"(max-width: 660px) 100vw, 660px\" \/><\/a>\n\t\t\t<\/div><\/figure><figure class='gallery-item'>\n\t\t\t<div class='gallery-icon landscape'>\n\t\t\t\t<a href='https:\/\/archive.sana.sy\/es\/wp-content\/uploads\/2024\/10\/DSC_1102-Copy-copy-1.jpg'><img loading=\"lazy\" decoding=\"async\" width=\"660\" height=\"390\" src=\"https:\/\/archive.sana.sy\/es\/wp-content\/uploads\/2024\/10\/DSC_1102-Copy-copy-1.jpg\" class=\"attachment-full size-full\" alt=\"\" srcset=\"https:\/\/archive.sana.sy\/es\/wp-content\/uploads\/2024\/10\/DSC_1102-Copy-copy-1.jpg 660w, https:\/\/archive.sana.sy\/es\/wp-content\/uploads\/2024\/10\/DSC_1102-Copy-copy-1-300x177.jpg 300w, https:\/\/archive.sana.sy\/es\/wp-content\/uploads\/2024\/10\/DSC_1102-Copy-copy-1-150x89.jpg 150w\" sizes=\"(max-width: 660px) 100vw, 660px\" \/><\/a>\n\t\t\t<\/div><\/figure><figure class='gallery-item'>\n\t\t\t<div class='gallery-icon landscape'>\n\t\t\t\t<a href='https:\/\/archive.sana.sy\/es\/wp-content\/uploads\/2024\/10\/DSC_0989-Copy-copy-1.jpg'><img loading=\"lazy\" decoding=\"async\" width=\"660\" height=\"362\" src=\"https:\/\/archive.sana.sy\/es\/wp-content\/uploads\/2024\/10\/DSC_0989-Copy-copy-1.jpg\" class=\"attachment-full size-full\" alt=\"\" srcset=\"https:\/\/archive.sana.sy\/es\/wp-content\/uploads\/2024\/10\/DSC_0989-Copy-copy-1.jpg 660w, https:\/\/archive.sana.sy\/es\/wp-content\/uploads\/2024\/10\/DSC_0989-Copy-copy-1-300x165.jpg 300w, https:\/\/archive.sana.sy\/es\/wp-content\/uploads\/2024\/10\/DSC_0989-Copy-copy-1-150x82.jpg 150w\" sizes=\"(max-width: 660px) 100vw, 660px\" \/><\/a>\n\t\t\t<\/div><\/figure>\n\t\t<\/div>\n\n","protected":false},"excerpt":{"rendered":"<p>Damasco, 1 oct (SANA)\u00a0 El Ministerio de Defensa de Siria confirm\u00f3 hoy la muerte de tres civiles y la ocurrencia de grandes p\u00e9rdidas materiales por la agresi\u00f3n israel\u00ed perpetrada contra la ciudad de Damasco y sus alrededores. Por medio de una nota de prensa, el ente castrense indic\u00f3 que alrededor de las 2:05 am hora &hellip;<\/p>\n","protected":false},"author":34,"featured_media":339379,"comment_status":"closed","ping_status":"closed","sticky":false,"template":"","format":"standard","meta":{"footnotes":""},"categories":[477,447,597,573,20724,476,583],"tags":[],"class_list":["post-339378","post","type-post","status-publish","format-standard","has-post-thumbnail","","category-noticias-edulcorantes","category-local-politica","category-cinta-de-noticias","category-la-realidad-de-los-acontecimientos-en-siria","category-minuto-a-minuto","category-locales","category-slide"],"_links":{"self":[{"href":"https:\/\/archive.sana.sy\/es\/index.php?rest_route=\/wp\/v2\/posts\/339378"}],"collection":[{"href":"https:\/\/archive.sana.sy\/es\/index.php?rest_route=\/wp\/v2\/posts"}],"about":[{"href":"https:\/\/archive.sana.sy\/es\/index.php?rest_route=\/wp\/v2\/types\/post"}],"author":[{"embeddable":true,"href":"https:\/\/archive.sana.sy\/es\/index.php?rest_route=\/wp\/v2\/users\/34"}],"replies":[{"embeddable":true,"href":"https:\/\/archive.sana.sy\/es\/index.php?rest_route=%2Fwp%2Fv2%2Fcomments&post=339378"}],"version-history":[{"count":1,"href":"https:\/\/archive.sana.sy\/es\/index.php?rest_route=\/wp\/v2\/posts\/339378\/revisions"}],"predecessor-version":[{"id":339386,"href":"https:\/\/archive.sana.sy\/es\/index.php?rest_route=\/wp\/v2\/posts\/339378\/revisions\/339386"}],"wp:featuredmedia":[{"embeddable":true,"href":"https:\/\/archive.sana.sy\/es\/index.php?rest_route=\/wp\/v2\/media\/339379"}],"wp:attachment":[{"href":"https:\/\/archive.sana.sy\/es\/index.php?rest_route=%2Fwp%2Fv2%2Fmedia&parent=339378"}],"wp:term":[{"taxonomy":"category","embeddable":true,"href":"https:\/\/archive.sana.sy\/es\/index.php?rest_route=%2Fwp%2Fv2%2Fcategories&post=339378"},{"taxonomy":"post_tag","embeddable":true,"href":"https:\/\/archive.sana.sy\/es\/index.php?rest_route=%2Fwp%2Fv2%2Ftags&post=339378"}],"curies":[{"name":"wp","href":"https:\/\/api.w.org\/{rel}","templated":true}]}}