{"id":339390,"date":"2024-10-01T10:51:29","date_gmt":"2024-10-01T07:51:29","guid":{"rendered":"https:\/\/sana.sy\/es\/?p=339390"},"modified":"2024-10-01T10:51:29","modified_gmt":"2024-10-01T07:51:29","slug":"canciller-sirio-debate-con-administrador-ejecutivo-del-pnud-las-formas-de-cooperacion-conjunta","status":"publish","type":"post","link":"https:\/\/archive.sana.sy\/es\/?p=339390","title":{"rendered":"Canciller sirio debate con administrador ejecutivo del PNUD las formas de cooperaci\u00f3n conjunta"},"content":{"rendered":"<p style=\"text-align: justify;\"><span style=\"color: #800000;\"><strong>Nueva York, 1 oct (SANA)\u00a0<\/strong><\/span> \u00a0El ministro de Asuntos Exteriores y Expatriados, Bassam Sabbagh, examin\u00f3 con Achim Steiner, el administrador ejecutivo del Programa de las Naciones Unidas para el Desarrollo (PNUD), los aspectos de cooperaci\u00f3n existente entre Damasco y el Programa, y los proyectos de recuperaci\u00f3n temprana de apoyo a la resiliencia en Siria.<\/p>\n<p style=\"text-align: justify;\">Sabbagh destac\u00f3 la falta de financiaci\u00f3n para actividades humanitarias y de fomento en Siria, y la necesidad de levantar las medidas coercitivas unilaterales impuestas por Estados Unidos y la Uni\u00f3n Europea, ya que obstaculizan significativamente las actividades de Naciones Unidas y sus agencias.<\/p>\n<p style=\"text-align: justify;\">Por su parte, Steiner afirm\u00f3 que el Programa continuar\u00e1 la cooperaci\u00f3n y coordinaci\u00f3n con el gobierno sirio y har\u00e1 todo lo posible para fortalecer sus actividades en Siria.<\/p>\n<p style=\"text-align: justify;\">ed\/fm<\/p>\n","protected":false},"excerpt":{"rendered":"<p>Nueva York, 1 oct (SANA)\u00a0 \u00a0El ministro de Asuntos Exteriores y Expatriados, Bassam Sabbagh, examin\u00f3 con Achim Steiner, el administrador ejecutivo del Programa de las Naciones Unidas para el Desarrollo (PNUD), los aspectos de cooperaci\u00f3n existente entre Damasco y el Programa, y los proyectos de recuperaci\u00f3n temprana de apoyo a la resiliencia en Siria. Sabbagh &hellip;<\/p>\n","protected":false},"author":32,"featured_media":339391,"comment_status":"closed","ping_status":"closed","sticky":false,"template":"","format":"standard","meta":{"footnotes":""},"categories":[597,20724,467,7541],"tags":[],"class_list":["post-339390","post","type-post","status-publish","format-standard","has-post-thumbnail","","category-cinta-de-noticias","category-minuto-a-minuto","category-siria-y-el-mundo","category-ultimas-noticias"],"_links":{"self":[{"href":"https:\/\/archive.sana.sy\/es\/index.php?rest_route=\/wp\/v2\/posts\/339390"}],"collection":[{"href":"https:\/\/archive.sana.sy\/es\/index.php?rest_route=\/wp\/v2\/posts"}],"about":[{"href":"https:\/\/archive.sana.sy\/es\/index.php?rest_route=\/wp\/v2\/types\/post"}],"author":[{"embeddable":true,"href":"https:\/\/archive.sana.sy\/es\/index.php?rest_route=\/wp\/v2\/users\/32"}],"replies":[{"embeddable":true,"href":"https:\/\/archive.sana.sy\/es\/index.php?rest_route=%2Fwp%2Fv2%2Fcomments&post=339390"}],"version-history":[{"count":1,"href":"https:\/\/archive.sana.sy\/es\/index.php?rest_route=\/wp\/v2\/posts\/339390\/revisions"}],"predecessor-version":[{"id":339392,"href":"https:\/\/archive.sana.sy\/es\/index.php?rest_route=\/wp\/v2\/posts\/339390\/revisions\/339392"}],"wp:featuredmedia":[{"embeddable":true,"href":"https:\/\/archive.sana.sy\/es\/index.php?rest_route=\/wp\/v2\/media\/339391"}],"wp:attachment":[{"href":"https:\/\/archive.sana.sy\/es\/index.php?rest_route=%2Fwp%2Fv2%2Fmedia&parent=339390"}],"wp:term":[{"taxonomy":"category","embeddable":true,"href":"https:\/\/archive.sana.sy\/es\/index.php?rest_route=%2Fwp%2Fv2%2Fcategories&post=339390"},{"taxonomy":"post_tag","embeddable":true,"href":"https:\/\/archive.sana.sy\/es\/index.php?rest_route=%2Fwp%2Fv2%2Ftags&post=339390"}],"curies":[{"name":"wp","href":"https:\/\/api.w.org\/{rel}","templated":true}]}}