{"id":339393,"date":"2024-10-01T10:55:48","date_gmt":"2024-10-01T07:55:48","guid":{"rendered":"https:\/\/sana.sy\/es\/?p=339393"},"modified":"2024-10-01T10:55:48","modified_gmt":"2024-10-01T07:55:48","slug":"siria-condena-ataque-contra-sede-del-embajador-de-emiratos-arabes-unidos-en-sudan","status":"publish","type":"post","link":"https:\/\/archive.sana.sy\/es\/?p=339393","title":{"rendered":"Siria condena ataque contra sede del embajador de Emiratos \u00c1rabes Unidos en Sud\u00e1n"},"content":{"rendered":"<p style=\"text-align: justify;\"><span style=\"color: #800000;\"><strong>Damasco, 1 oct (SANA)\u00a0<\/strong> <\/span>Siria denunci\u00f3 el ataque contra la sede del embajador de los Emiratos \u00c1rabes Unidos en la Rep\u00fablica de Sud\u00e1n y pidi\u00f3 el cumplimiento de las disposiciones de la Convenci\u00f3n de Viena sobre la protecci\u00f3n de las sedes diplom\u00e1ticas y los diplom\u00e1ticos.<\/p>\n<p style=\"text-align: justify;\">\u201cSiria expresa su rechazo a este ataque\u201d, manifest\u00f3 el Ministerio de Asuntos Exteriores y Expatriados por medio de un comunicado emitido hoy.<\/p>\n<p style=\"text-align: justify;\">Pidi\u00f3 a todas las partes que respetan las disposiciones de la Convenci\u00f3n de Viena sobre Relaciones Diplom\u00e1ticas de 1961, que insisten en la protecci\u00f3n de los diplom\u00e1ticos y el respeto de la inviolabilidad y seguridad de las sedes de las misiones diplom\u00e1ticas.<\/p>\n<p style=\"text-align: justify;\">ed\/fm<\/p>\n","protected":false},"excerpt":{"rendered":"<p>Damasco, 1 oct (SANA)\u00a0 Siria denunci\u00f3 el ataque contra la sede del embajador de los Emiratos \u00c1rabes Unidos en la Rep\u00fablica de Sud\u00e1n y pidi\u00f3 el cumplimiento de las disposiciones de la Convenci\u00f3n de Viena sobre la protecci\u00f3n de las sedes diplom\u00e1ticas y los diplom\u00e1ticos. \u201cSiria expresa su rechazo a este ataque\u201d, manifest\u00f3 el Ministerio &hellip;<\/p>\n","protected":false},"author":32,"featured_media":339394,"comment_status":"closed","ping_status":"closed","sticky":false,"template":"","format":"standard","meta":{"footnotes":""},"categories":[597,20724,467,583],"tags":[],"class_list":["post-339393","post","type-post","status-publish","format-standard","has-post-thumbnail","","category-cinta-de-noticias","category-minuto-a-minuto","category-siria-y-el-mundo","category-slide"],"_links":{"self":[{"href":"https:\/\/archive.sana.sy\/es\/index.php?rest_route=\/wp\/v2\/posts\/339393"}],"collection":[{"href":"https:\/\/archive.sana.sy\/es\/index.php?rest_route=\/wp\/v2\/posts"}],"about":[{"href":"https:\/\/archive.sana.sy\/es\/index.php?rest_route=\/wp\/v2\/types\/post"}],"author":[{"embeddable":true,"href":"https:\/\/archive.sana.sy\/es\/index.php?rest_route=\/wp\/v2\/users\/32"}],"replies":[{"embeddable":true,"href":"https:\/\/archive.sana.sy\/es\/index.php?rest_route=%2Fwp%2Fv2%2Fcomments&post=339393"}],"version-history":[{"count":1,"href":"https:\/\/archive.sana.sy\/es\/index.php?rest_route=\/wp\/v2\/posts\/339393\/revisions"}],"predecessor-version":[{"id":339395,"href":"https:\/\/archive.sana.sy\/es\/index.php?rest_route=\/wp\/v2\/posts\/339393\/revisions\/339395"}],"wp:featuredmedia":[{"embeddable":true,"href":"https:\/\/archive.sana.sy\/es\/index.php?rest_route=\/wp\/v2\/media\/339394"}],"wp:attachment":[{"href":"https:\/\/archive.sana.sy\/es\/index.php?rest_route=%2Fwp%2Fv2%2Fmedia&parent=339393"}],"wp:term":[{"taxonomy":"category","embeddable":true,"href":"https:\/\/archive.sana.sy\/es\/index.php?rest_route=%2Fwp%2Fv2%2Fcategories&post=339393"},{"taxonomy":"post_tag","embeddable":true,"href":"https:\/\/archive.sana.sy\/es\/index.php?rest_route=%2Fwp%2Fv2%2Ftags&post=339393"}],"curies":[{"name":"wp","href":"https:\/\/api.w.org\/{rel}","templated":true}]}}