{"id":339398,"date":"2024-10-01T11:08:57","date_gmt":"2024-10-01T08:08:57","guid":{"rendered":"https:\/\/sana.sy\/es\/?p=339398"},"modified":"2024-10-01T11:08:57","modified_gmt":"2024-10-01T08:08:57","slug":"%f0%9f%87%b8%f0%9f%87%be-cancilleria-siria-denuncia-la-brutal-agresion-israeli-ocurrida-este-martes-contra-damasco-y-hace-un-llamado-al-mundo-para-frenar-la-imprudencia-israeli-que-esta-encendiendo-a","status":"publish","type":"post","link":"https:\/\/archive.sana.sy\/es\/?p=339398","title":{"rendered":"&#x1f1f8;&#x1f1fe; Canciller\u00eda siria denuncia la brutal agresi\u00f3n israel\u00ed ocurrida este martes contra Damasco y hace un llamado al mundo para frenar la imprudencia israel\u00ed que est\u00e1 encendiendo a toda la regi\u00f3n y amenaza la paz y seguridad regionales e internacionales."},"content":{"rendered":"","protected":false},"excerpt":{"rendered":"","protected":false},"author":32,"featured_media":0,"comment_status":"closed","ping_status":"closed","sticky":false,"template":"","format":"standard","meta":{"footnotes":""},"categories":[20724],"tags":[],"class_list":["post-339398","post","type-post","status-publish","format-standard","","category-minuto-a-minuto"],"_links":{"self":[{"href":"https:\/\/archive.sana.sy\/es\/index.php?rest_route=\/wp\/v2\/posts\/339398"}],"collection":[{"href":"https:\/\/archive.sana.sy\/es\/index.php?rest_route=\/wp\/v2\/posts"}],"about":[{"href":"https:\/\/archive.sana.sy\/es\/index.php?rest_route=\/wp\/v2\/types\/post"}],"author":[{"embeddable":true,"href":"https:\/\/archive.sana.sy\/es\/index.php?rest_route=\/wp\/v2\/users\/32"}],"replies":[{"embeddable":true,"href":"https:\/\/archive.sana.sy\/es\/index.php?rest_route=%2Fwp%2Fv2%2Fcomments&post=339398"}],"version-history":[{"count":1,"href":"https:\/\/archive.sana.sy\/es\/index.php?rest_route=\/wp\/v2\/posts\/339398\/revisions"}],"predecessor-version":[{"id":339399,"href":"https:\/\/archive.sana.sy\/es\/index.php?rest_route=\/wp\/v2\/posts\/339398\/revisions\/339399"}],"wp:attachment":[{"href":"https:\/\/archive.sana.sy\/es\/index.php?rest_route=%2Fwp%2Fv2%2Fmedia&parent=339398"}],"wp:term":[{"taxonomy":"category","embeddable":true,"href":"https:\/\/archive.sana.sy\/es\/index.php?rest_route=%2Fwp%2Fv2%2Fcategories&post=339398"},{"taxonomy":"post_tag","embeddable":true,"href":"https:\/\/archive.sana.sy\/es\/index.php?rest_route=%2Fwp%2Fv2%2Ftags&post=339398"}],"curies":[{"name":"wp","href":"https:\/\/api.w.org\/{rel}","templated":true}]}}